{"id":63980,"date":"2019-10-10T14:36:00","date_gmt":"2019-10-10T18:36:00","guid":{"rendered":"https:\/\/linitiative.ca\/International\/mise-en-garde-de-taboubi-a-ceux-qui-veulent-changer-le-mode-de-vie-des-tunisiens\/"},"modified":"2019-10-10T14:36:00","modified_gmt":"2019-10-10T18:36:00","slug":"mise-en-garde-de-taboubi-a-ceux-qui-veulent-changer-le-mode-de-vie-des-tunisiens","status":"publish","type":"post","link":"https:\/\/linitiative.ca\/International\/mise-en-garde-de-taboubi-a-ceux-qui-veulent-changer-le-mode-de-vie-des-tunisiens\/","title":{"rendered":"Mise en garde de Taboubi \u00e0 \u00abceux qui veulent changer le mode de vie des Tunisiens\u00bb"},"content":{"rendered":"<p>24 heures apr\u00e8s la proclamation des r\u00e9sultats des \u00e9lections l\u00e9gislatives, le secr\u00e9taire g\u00e9n\u00e9ral de l&rsquo;Ugtt, Noureddine Taboubi a lanc\u00e9 une mise en garde \u00e0 \u00abceux qui veulent gouverner le pays \u00e0 leur guise\u00bb.<\/p>\n<p>\u00abAutant, nous nous inclinons devant le verdict des urnes, autant, nous refusons de livrer le pays au premier venu. Nous allons contacter les diff\u00e9rentes coalitions parlementaires et resterons vigilants. Nous n\u2019avons pas d\u2019autre alternative que celle de cohabiter quelles que soient nos divergences mais celui qui veut gouverner doit \u00e9tudier attentivement l&rsquo;histoire du pays (&#8230;) Nous n&rsquo;avons rien contre personne, mais seulement contre ceux qui n&rsquo;ont pas le sens de l&rsquo;Etat et n&rsquo;ont pas saisi son importance, ainsi que ceux qui veulent modifier le mode de vie des Tunisiens ou pr\u00f4nent la haine et la discorde.<\/p>\n<p>Il a conclu en ces termes: \u00abNous sommes ici et nous portons garants de sa souvrainet\u00e9 et son ind\u00e9pendance. Nous n&rsquo;\u00e9pargnerons aucun effort pour notre pays. \u00f4 peuple de Tunisie, ne craignez rien\u00bb.<\/p>\n<p>Cette mise en garde de Taboubi sadresse \u00e0 la coalition El Karama dont certains membres \u00e9lus ont multiplier les rodontades et les menaces qui nous rappellent celles qu&rsquo;on a connues au lendemain du 14 janvier 2011 et m\u00eame sous la troika.<br \/>\u00a0<\/p>\n<p>Auteur:<br \/>\n<a href=\"https:\/\/www.leaders.com.tn\/article\/28174-mise-en-garde-de-taboubi-a-ceux-qui-veulent-changer-le-mode-de-vie-des-tunisiens\">Cliquez ici pour lire l&rsquo;article depuis sa source.<\/a><\/p>\n","protected":false},"excerpt":{"rendered":"<p>24 heures apr\u00e8s la proclamation des r\u00e9sultats des \u00e9lections l\u00e9gislatives, le secr\u00e9taire g\u00e9n\u00e9ral de l&rsquo;Ugtt, Noureddine Taboubi a lanc\u00e9 une mise en garde \u00e0 \u00abceux qui veulent gouverner le pays \u00e0 leur guise\u00bb. \u00abAutant, nous nous inclinons devant le verdict des urnes, autant, nous refusons de livrer le pays au premier venu. Nous allons contacter [&hellip;]<\/p>\n","protected":false},"author":1772,"featured_media":0,"comment_status":"closed","ping_status":"closed","sticky":false,"template":"","format":"standard","meta":{"fifu_image_url":"","fifu_image_alt":"","footnotes":""},"categories":[73,55],"tags":[],"class_list":["post-63980","post","type-post","status-publish","format-standard","hentry","category-actualite","category-tunisie"],"_links":{"self":[{"href":"https:\/\/linitiative.ca\/International\/wp-json\/wp\/v2\/posts\/63980","targetHints":{"allow":["GET"]}}],"collection":[{"href":"https:\/\/linitiative.ca\/International\/wp-json\/wp\/v2\/posts"}],"about":[{"href":"https:\/\/linitiative.ca\/International\/wp-json\/wp\/v2\/types\/post"}],"author":[{"embeddable":true,"href":"https:\/\/linitiative.ca\/International\/wp-json\/wp\/v2\/users\/1772"}],"replies":[{"embeddable":true,"href":"https:\/\/linitiative.ca\/International\/wp-json\/wp\/v2\/comments?post=63980"}],"version-history":[{"count":0,"href":"https:\/\/linitiative.ca\/International\/wp-json\/wp\/v2\/posts\/63980\/revisions"}],"wp:attachment":[{"href":"https:\/\/linitiative.ca\/International\/wp-json\/wp\/v2\/media?parent=63980"}],"wp:term":[{"taxonomy":"category","embeddable":true,"href":"https:\/\/linitiative.ca\/International\/wp-json\/wp\/v2\/categories?post=63980"},{"taxonomy":"post_tag","embeddable":true,"href":"https:\/\/linitiative.ca\/International\/wp-json\/wp\/v2\/tags?post=63980"}],"curies":[{"name":"wp","href":"https:\/\/api.w.org\/{rel}","templated":true}]}}