{"id":63981,"date":"2019-10-10T15:45:00","date_gmt":"2019-10-10T19:45:00","guid":{"rendered":"https:\/\/linitiative.ca\/International\/une-premiere-dans-le-monde-arabe-vendredi-soir-debat-televise-entre-les-deux-candidats-du-2e-tour-de-la-presidentielle\/"},"modified":"2019-10-10T15:45:00","modified_gmt":"2019-10-10T19:45:00","slug":"une-premiere-dans-le-monde-arabe-vendredi-soir-debat-televise-entre-les-deux-candidats-du-2e-tour-de-la-presidentielle","status":"publish","type":"post","link":"https:\/\/linitiative.ca\/International\/une-premiere-dans-le-monde-arabe-vendredi-soir-debat-televise-entre-les-deux-candidats-du-2e-tour-de-la-presidentielle\/","title":{"rendered":"Une premi\u00e8re dans le monde arabe :Vendredi soir, d\u00e9bat t\u00e9l\u00e9vis\u00e9 entre les deux candidats du 2e tour de la pr\u00e9sidentielle,"},"content":{"rendered":"<p>Le d\u00e9bat t\u00e9l\u00e9vis\u00e9 entre les deux candidats rest\u00e9s en lice au 2e tour Ka\u00efs Sa\u00efed et Nabil Karoui aura bien lieu ce vendredi \u00e0 21 heures sur la cha\u00eene publique el Watanya. Un d\u00e9bat historique dans la mesure o\u00f9 il\u00a0 s\u2019agit d\u2019un pr\u00e9c\u00e9dent\u00a0 en Tunisie et dans le monde arabe.<\/p>\n<p>Que faut-il attendre de ce d\u00e9bat ? Que les deux candidats nous d\u00e9voilent leurs programmes respectifs, mais certainement pas un changement drastique des intentions de vote.\u00a0 Toutes les \u00e9tudes ont montr\u00e9 que ce genre de d\u00e9bat sert\u00a0 surtout \u00e0 conforter les \u00e9lecteurs dans leurs opinions pr\u00e9alables. Il y a eu certes des exceptions comme le d\u00e9bat historique entre Richard Nixon et John Kennedy remport\u00e9 par ce dernier en 1960, le premier du genre, ou une \u00ab petite phrase g\u00e9niale \u00bb d\u2019un des comp\u00e9titeurs. Exemple :\u00a0 la phrase de Giscard\u00a0 d\u2019Estaing\u00a0 \u00ab vous n\u2019avez pas le monopole du c\u0153ur lors son d\u00e9bat avec Fran\u00e7ois Mitterrand en 1974.<\/p>\n<p>Auteur:<br \/>\n<a href=\"https:\/\/www.leaders.com.tn\/article\/28175-vendredi-soir-debat-televise-entre-les-deux-candidats-du-2e-tour-de-la-presidentielle-une-premiere-dans-le-monde-arabe\">Cliquez ici pour lire l&rsquo;article depuis sa source.<\/a><\/p>\n","protected":false},"excerpt":{"rendered":"<p>Le d\u00e9bat t\u00e9l\u00e9vis\u00e9 entre les deux candidats rest\u00e9s en lice au 2e tour Ka\u00efs Sa\u00efed et Nabil Karoui aura bien lieu ce vendredi \u00e0 21 heures sur la cha\u00eene publique el Watanya. Un d\u00e9bat historique dans la mesure o\u00f9 il\u00a0 s\u2019agit d\u2019un pr\u00e9c\u00e9dent\u00a0 en Tunisie et dans le monde arabe. Que faut-il attendre de ce [&hellip;]<\/p>\n","protected":false},"author":1772,"featured_media":0,"comment_status":"closed","ping_status":"closed","sticky":false,"template":"","format":"standard","meta":{"fifu_image_url":"","fifu_image_alt":"","footnotes":""},"categories":[73,55],"tags":[],"class_list":["post-63981","post","type-post","status-publish","format-standard","hentry","category-actualite","category-tunisie"],"_links":{"self":[{"href":"https:\/\/linitiative.ca\/International\/wp-json\/wp\/v2\/posts\/63981","targetHints":{"allow":["GET"]}}],"collection":[{"href":"https:\/\/linitiative.ca\/International\/wp-json\/wp\/v2\/posts"}],"about":[{"href":"https:\/\/linitiative.ca\/International\/wp-json\/wp\/v2\/types\/post"}],"author":[{"embeddable":true,"href":"https:\/\/linitiative.ca\/International\/wp-json\/wp\/v2\/users\/1772"}],"replies":[{"embeddable":true,"href":"https:\/\/linitiative.ca\/International\/wp-json\/wp\/v2\/comments?post=63981"}],"version-history":[{"count":0,"href":"https:\/\/linitiative.ca\/International\/wp-json\/wp\/v2\/posts\/63981\/revisions"}],"wp:attachment":[{"href":"https:\/\/linitiative.ca\/International\/wp-json\/wp\/v2\/media?parent=63981"}],"wp:term":[{"taxonomy":"category","embeddable":true,"href":"https:\/\/linitiative.ca\/International\/wp-json\/wp\/v2\/categories?post=63981"},{"taxonomy":"post_tag","embeddable":true,"href":"https:\/\/linitiative.ca\/International\/wp-json\/wp\/v2\/tags?post=63981"}],"curies":[{"name":"wp","href":"https:\/\/api.w.org\/{rel}","templated":true}]}}