{"id":63982,"date":"2019-10-10T16:07:00","date_gmt":"2019-10-10T20:07:00","guid":{"rendered":"https:\/\/linitiative.ca\/International\/deces-du-grand-realisateur-de-television-tunisien-chawki-majri\/"},"modified":"2019-10-10T16:07:00","modified_gmt":"2019-10-10T20:07:00","slug":"deces-du-grand-realisateur-de-television-tunisien-chawki-majri","status":"publish","type":"post","link":"https:\/\/linitiative.ca\/International\/deces-du-grand-realisateur-de-television-tunisien-chawki-majri\/","title":{"rendered":"D\u00e9c\u00e8s du  grand r\u00e9alisateur de t\u00e9l\u00e9vision tunisien, Chawki Majri"},"content":{"rendered":"<p>Le r\u00e9alisateur tunisien Chawki Mejri est d\u00e9c\u00e9d\u00e9 ce jeudi \u00e0 l\u2019aube au Caire des suites d\u2019une crise cardiaque. Il \u00e9tait n\u00e9 en 1961.Un de ses amis a d\u00e9clar\u00e9 \u00e0 Mosa\u00efquefm qu\u2019il souffrait d\u2019une bronchite depuis trois jours.<\/p>\n<p>Selon l\u2019ambassadeur de Tunisie au Caire, son corps sera rapatri\u00e9 ce samedi \u00e0 Tunis o\u00f9 auront lieu ses obs\u00e8ques<\/p>\n<p>Auteur:<br \/>\n<a href=\"https:\/\/www.leaders.com.tn\/article\/28176-deces-du-grand-realisateur-de-television-tunisien-chawki-majri\">Cliquez ici pour lire l&rsquo;article depuis sa source.<\/a><\/p>\n","protected":false},"excerpt":{"rendered":"<p>Le r\u00e9alisateur tunisien Chawki Mejri est d\u00e9c\u00e9d\u00e9 ce jeudi \u00e0 l\u2019aube au Caire des suites d\u2019une crise cardiaque. Il \u00e9tait n\u00e9 en 1961.Un de ses amis a d\u00e9clar\u00e9 \u00e0 Mosa\u00efquefm qu\u2019il souffrait d\u2019une bronchite depuis trois jours. Selon l\u2019ambassadeur de Tunisie au Caire, son corps sera rapatri\u00e9 ce samedi \u00e0 Tunis o\u00f9 auront lieu ses [&hellip;]<\/p>\n","protected":false},"author":1772,"featured_media":0,"comment_status":"closed","ping_status":"closed","sticky":false,"template":"","format":"standard","meta":{"fifu_image_url":"","fifu_image_alt":"","footnotes":""},"categories":[73,55],"tags":[],"class_list":["post-63982","post","type-post","status-publish","format-standard","hentry","category-actualite","category-tunisie"],"_links":{"self":[{"href":"https:\/\/linitiative.ca\/International\/wp-json\/wp\/v2\/posts\/63982","targetHints":{"allow":["GET"]}}],"collection":[{"href":"https:\/\/linitiative.ca\/International\/wp-json\/wp\/v2\/posts"}],"about":[{"href":"https:\/\/linitiative.ca\/International\/wp-json\/wp\/v2\/types\/post"}],"author":[{"embeddable":true,"href":"https:\/\/linitiative.ca\/International\/wp-json\/wp\/v2\/users\/1772"}],"replies":[{"embeddable":true,"href":"https:\/\/linitiative.ca\/International\/wp-json\/wp\/v2\/comments?post=63982"}],"version-history":[{"count":0,"href":"https:\/\/linitiative.ca\/International\/wp-json\/wp\/v2\/posts\/63982\/revisions"}],"wp:attachment":[{"href":"https:\/\/linitiative.ca\/International\/wp-json\/wp\/v2\/media?parent=63982"}],"wp:term":[{"taxonomy":"category","embeddable":true,"href":"https:\/\/linitiative.ca\/International\/wp-json\/wp\/v2\/categories?post=63982"},{"taxonomy":"post_tag","embeddable":true,"href":"https:\/\/linitiative.ca\/International\/wp-json\/wp\/v2\/tags?post=63982"}],"curies":[{"name":"wp","href":"https:\/\/api.w.org\/{rel}","templated":true}]}}