{"id":63983,"date":"2019-10-10T06:00:00","date_gmt":"2019-10-10T10:00:00","guid":{"rendered":"https:\/\/linitiative.ca\/International\/revoila-alioui\/"},"modified":"2019-10-10T06:00:00","modified_gmt":"2019-10-10T10:00:00","slug":"revoila-alioui","status":"publish","type":"post","link":"https:\/\/linitiative.ca\/International\/revoila-alioui\/","title":{"rendered":"Revoil\u00e0 Alioui !"},"content":{"rendered":"<p>\u00a0Apr\u00e8s une tr\u00e8s longue \u00e9clipse, le secr\u00e9taire g\u00e9n\u00e9ral de l\u2019UNPA semble vouloir refaire surface en proposant ses services \u00e0\u2026 Abdelmadjid Tebboune !<br \/>En effet, \u00e0 en croire des sources cr\u00e9dibles, Mohamed Alioui, qui promettait au d\u00e9but de l\u2019ann\u00e9e de recueillir pas moins de 5 millions de signatures en faveur de Bouteflika, se serait engag\u00e9 dans la campagne de collecte de signatures en faveur de Tebboune.<\/p>\n<p>Auteur:<br \/>\n<a href=\"https:\/\/www.lesoirdalgerie.com\/periscoop\/revoila-alioui-31614\">Cliquez ici pour lire l&rsquo;article depuis sa source.<\/a><\/p>\n","protected":false},"excerpt":{"rendered":"<p>\u00a0Apr\u00e8s une tr\u00e8s longue \u00e9clipse, le secr\u00e9taire g\u00e9n\u00e9ral de l\u2019UNPA semble vouloir refaire surface en proposant ses services \u00e0\u2026 Abdelmadjid Tebboune !En effet, \u00e0 en croire des sources cr\u00e9dibles, Mohamed Alioui, qui promettait au d\u00e9but de l\u2019ann\u00e9e de recueillir pas moins de 5 millions de signatures en faveur de Bouteflika, se serait engag\u00e9 dans la [&hellip;]<\/p>\n","protected":false},"author":1741,"featured_media":0,"comment_status":"closed","ping_status":"closed","sticky":false,"template":"","format":"standard","meta":{"fifu_image_url":"","fifu_image_alt":"","footnotes":""},"categories":[73,53],"tags":[],"class_list":["post-63983","post","type-post","status-publish","format-standard","hentry","category-actualite","category-algerie"],"_links":{"self":[{"href":"https:\/\/linitiative.ca\/International\/wp-json\/wp\/v2\/posts\/63983","targetHints":{"allow":["GET"]}}],"collection":[{"href":"https:\/\/linitiative.ca\/International\/wp-json\/wp\/v2\/posts"}],"about":[{"href":"https:\/\/linitiative.ca\/International\/wp-json\/wp\/v2\/types\/post"}],"author":[{"embeddable":true,"href":"https:\/\/linitiative.ca\/International\/wp-json\/wp\/v2\/users\/1741"}],"replies":[{"embeddable":true,"href":"https:\/\/linitiative.ca\/International\/wp-json\/wp\/v2\/comments?post=63983"}],"version-history":[{"count":0,"href":"https:\/\/linitiative.ca\/International\/wp-json\/wp\/v2\/posts\/63983\/revisions"}],"wp:attachment":[{"href":"https:\/\/linitiative.ca\/International\/wp-json\/wp\/v2\/media?parent=63983"}],"wp:term":[{"taxonomy":"category","embeddable":true,"href":"https:\/\/linitiative.ca\/International\/wp-json\/wp\/v2\/categories?post=63983"},{"taxonomy":"post_tag","embeddable":true,"href":"https:\/\/linitiative.ca\/International\/wp-json\/wp\/v2\/tags?post=63983"}],"curies":[{"name":"wp","href":"https:\/\/api.w.org\/{rel}","templated":true}]}}