{"id":63984,"date":"2019-10-10T06:00:00","date_gmt":"2019-10-10T10:00:00","guid":{"rendered":"https:\/\/linitiative.ca\/International\/banaliser-la-detention\/"},"modified":"2019-10-10T06:00:00","modified_gmt":"2019-10-10T10:00:00","slug":"banaliser-la-detention","status":"publish","type":"post","link":"https:\/\/linitiative.ca\/International\/banaliser-la-detention\/","title":{"rendered":"Banaliser la d\u00e9tention !"},"content":{"rendered":"<p class=\"c3\">Les reproches enflent en m\u00eame temps que les choses se corsent. Le ressentiment prend de l\u2019ampleur tandis que, de part et d\u2019autre, chacun campe sur ses positions.\u00a0<br \/>D\u2019un c\u00f4t\u00e9 il y a le syst\u00e8me qui pense \u00e0 pr\u00e9server son autorit\u00e9 et \u00e0 se refaire une sant\u00e9 pour jouir, encore, de tous les privil\u00e8ges qu\u2019il se permet en retour, et de l\u2019autre des populations qui r\u00e9clament le changement. Des centaines de milliers d\u2019Alg\u00e9riens qui ne veulent rien entendre aux propositions qui leur sont faites par cette m\u00eame autorit\u00e9 dont ils exigent le d\u00e9part sans concession aucune.\u00a0<br \/>J\u2019ai \u00e9cout\u00e9 un groupe d\u2019avocats, qui animait une conf\u00e9rence de presse, faire la comparaison entre le comportement adopt\u00e9 \u00e0 l\u2019\u00e9gard d\u2019un responsable qui est traduit en justice et celui r\u00e9serv\u00e9 \u00e0 quelqu\u2019un qui n\u2019appartient pas au s\u00e9rail, se permet d\u2019en critiquer le comportement ou milite pour la promotion des libert\u00e9s et autres droits humains.\u00a0<br \/>Au premier on remet respectueusement une convocation. Avec le\u00a0 second on ne prend pas de gants. On le ramasse dehors, sur une terrasse de caf\u00e9 o\u00f9 il est install\u00e9 avec des amis. J\u2019ai trouv\u00e9 int\u00e9ressant que les avocats expliquent \u00e0 ceux qui l\u2019ignorent, en m\u00eame temps qu\u2019ils rappellent les fondements de la loi aux magistrats qui s\u00e9vissent \u00e0 tour de bras, pourquoi lorsqu\u2019il n\u2019y a pas d\u2019enqu\u00eate \u00e0 mener et que les faits reproch\u00e9s sont clairement \u00e9tablis aucune raison ne justifie plus que l\u2019on mette la personne incrimin\u00e9e en d\u00e9tention provisoire.\u00a0<br \/>J\u2019avoue m\u2019\u00eatre rassur\u00e9e \u00e0 les \u00e9couter exposer leurs griefs. Je comprends franchement mieux pourquoi les avocats et les magistrats ne jouent pas dans la m\u00eame cour. Il y a ceux qui ob\u00e9issent parce qu\u2019ils ne savent pas faire autrement, ceux qui ob\u00e9issent parce qu\u2019ils pensent partager ainsi une part de pouvoir, ceux qui ont choisi de faire ce m\u00e9tier parce qu\u2019ils n\u2019auraient pas su quoi faire sinon et ceux qui partagent l\u2019avis de la d\u00e9fense mais \u00e9vitent de se compromettre\u2026 C\u2019est dire combien les profils divergent. L\u2019information a couru selon laquelle le moudjahid Lakhdar Bouregra\u00e2 aurait entam\u00e9 une gr\u00e8ve de la faim. Heureusement que ses avocats ont r\u00e9ussi \u00e0 le faire renoncer \u00e0 sa d\u00e9cision !\u00a0<br \/><em><strong>M. B.<\/strong><\/em><\/p>\n<p>Auteur:<br \/>\n<a href=\"https:\/\/www.lesoirdalgerie.com\/soit-dit-en-passant\/banaliser-la-detention-31613\">Cliquez ici pour lire l&rsquo;article depuis sa source.<\/a><\/p>\n","protected":false},"excerpt":{"rendered":"<p>Les reproches enflent en m\u00eame temps que les choses se corsent. Le ressentiment prend de l\u2019ampleur tandis que, de part et d\u2019autre, chacun campe sur ses positions.\u00a0D\u2019un c\u00f4t\u00e9 il y a le syst\u00e8me qui pense \u00e0 pr\u00e9server son autorit\u00e9 et \u00e0 se refaire une sant\u00e9 pour jouir, encore, de tous les privil\u00e8ges qu\u2019il se permet [&hellip;]<\/p>\n","protected":false},"author":1741,"featured_media":0,"comment_status":"closed","ping_status":"closed","sticky":false,"template":"","format":"standard","meta":{"fifu_image_url":"","fifu_image_alt":"","footnotes":""},"categories":[73,53],"tags":[],"class_list":["post-63984","post","type-post","status-publish","format-standard","hentry","category-actualite","category-algerie"],"_links":{"self":[{"href":"https:\/\/linitiative.ca\/International\/wp-json\/wp\/v2\/posts\/63984","targetHints":{"allow":["GET"]}}],"collection":[{"href":"https:\/\/linitiative.ca\/International\/wp-json\/wp\/v2\/posts"}],"about":[{"href":"https:\/\/linitiative.ca\/International\/wp-json\/wp\/v2\/types\/post"}],"author":[{"embeddable":true,"href":"https:\/\/linitiative.ca\/International\/wp-json\/wp\/v2\/users\/1741"}],"replies":[{"embeddable":true,"href":"https:\/\/linitiative.ca\/International\/wp-json\/wp\/v2\/comments?post=63984"}],"version-history":[{"count":0,"href":"https:\/\/linitiative.ca\/International\/wp-json\/wp\/v2\/posts\/63984\/revisions"}],"wp:attachment":[{"href":"https:\/\/linitiative.ca\/International\/wp-json\/wp\/v2\/media?parent=63984"}],"wp:term":[{"taxonomy":"category","embeddable":true,"href":"https:\/\/linitiative.ca\/International\/wp-json\/wp\/v2\/categories?post=63984"},{"taxonomy":"post_tag","embeddable":true,"href":"https:\/\/linitiative.ca\/International\/wp-json\/wp\/v2\/tags?post=63984"}],"curies":[{"name":"wp","href":"https:\/\/api.w.org\/{rel}","templated":true}]}}