{"id":63994,"date":"2019-10-10T15:37:28","date_gmt":"2019-10-10T19:37:28","guid":{"rendered":"https:\/\/linitiative.ca\/International\/tunisie-mahdia-audio-un-juge-dinstruction-agresse-violemment-une-femme-agee\/"},"modified":"2019-10-10T15:37:28","modified_gmt":"2019-10-10T19:37:28","slug":"tunisie-mahdia-audio-un-juge-dinstruction-agresse-violemment-une-femme-agee","status":"publish","type":"post","link":"https:\/\/linitiative.ca\/International\/tunisie-mahdia-audio-un-juge-dinstruction-agresse-violemment-une-femme-agee\/","title":{"rendered":"Tunisie \u2013 Mahdia\u00a0: AUDIO\u00a0: Un juge d\u2019instruction agresse violemment une femme \u00e2g\u00e9e"},"content":{"rendered":"<div class=\"post-cont-in left relative\">\n<div class=\"swp_social_panel swp_horizontal_panel swp_flat_fresh swp_default_full_color swp_individual_full_color swp_other_full_color scale-100 scale-\" data-min-width=\"1100\" data-float-color=\"#ffffff\" data-float=\"none\" data-float-mobile=\"none\" data-transition=\"slide\">\n<div class=\"nc_tweetContainer swp_share_button total_shares total_sharesalt\"><span class=\"swp_count\">62 <span class=\"swp_label\">Partages<\/span><\/span><\/div>\n<\/div>\n<p>L\u2019avocat Zied Ben Hammouda, repr\u00e9sentant\u00a0d\u2019une vieille dame, victime d\u2019agression, ce jour au sein du tribunal de Mahdia, a accus\u00e9 un juge d\u2019instruction pr\u00e8s de ce tribunal, d\u2019avoir agress\u00e9 verbalement puis physiquement une dame \u00e2g\u00e9e de plus de soixante dix ans qui \u00e9tait entr\u00e9e dans son bureau pour s\u2019enqu\u00e9rir du devenir de son affaire qui tra\u00eene depuis une ann\u00e9e.<\/p>\n<p>L\u2019avocat a racont\u00e9 que le magistrat a alors agress\u00e9 verbalement et insult\u00e9 la vieille dame, avant de la rouer de coups de poings et de la tra\u00eener par les cheveux, pour l\u2019enfermer dans son bureau, emp\u00eachant les avocats pr\u00e9sents sur place de lui venir en aide .<\/p>\n<div class=\"code-block code-block-1 c3\"><ins class=\"adsbygoogle c2\" data-ad-layout=\"in-article\" data-ad-format=\"fluid\" data-ad-client=\"ca-pub-2102118777505746\" data-ad-slot=\"7301775417\"\/> <\/div>\n<p>L\u2019avocat a racont\u00e9 que le magistrat a fait appel au procureur de la r\u00e9publique qui a essay\u00e9 d\u2019\u00e9touffer l\u2019affaire, il a mis la vielle dame dans les ge\u00f4les du tribunal, avant de la renvoyer chez elle.<\/p>\n<p>L\u2019avocat a assur\u00e9 avoir averti le bureau r\u00e9gional des avocats de Mahdia, ainsi que l\u2019organisation des droits de l\u2019homme et qu\u2019il allait entamer les proc\u00e9dures de poursuite contre ce magistrat.<\/p>\n<p><strong>Que se passe-t-il en Tunisie?<\/strong><br \/>Nous expliquons sur notre <a href=\"https:\/\/www.youtube.com\/channel\/UCRzypVq0B_yBad5eGrwBx0Q?sub_confirmation=1\" target=\"_blank\" rel=\"noopener noreferrer\">cha\u00eene YouTube<\/a> . <a href=\"https:\/\/www.youtube.com\/channel\/UCRzypVq0B_yBad5eGrwBx0Q?sub_confirmation=1\" target=\"_blank\" rel=\"noopener noreferrer\">Abonnez-vous!<\/a><\/p>\n<div class=\"mvp-org-wrap mvp-org-logo\" itemprop=\"publisher\" itemscope=\"\" itemtype=\"https:\/\/schema.org\/Organization\">\n<p><img decoding=\"async\" src=\"https:\/\/www.tunisienumerique.com\/wp-content\/uploads\/2017\/02\/logo_tunisie_numerique.png\"\/><\/p>\n<\/div>\n<div class=\"swp_social_panel swp_horizontal_panel swp_flat_fresh swp_default_full_color swp_individual_full_color swp_other_full_color scale-100 scale-\" data-min-width=\"1100\" data-float-color=\"#ffffff\" data-float=\"none\" data-float-mobile=\"none\" data-transition=\"slide\">\n<div class=\"nc_tweetContainer swp_share_button total_shares total_sharesalt\"><span class=\"swp_count\">62 <span class=\"swp_label\">Partages<\/span><\/span><\/div>\n<\/div>\n<div class=\"mvp-related-posts left relative\">\n<h4 class=\"post-header\"><span class=\"post-header\">Lire aussi<\/span><\/h4>\n<\/div>\n<\/div>\n<p>Auteur: LM<br \/>\n<a href=\"https:\/\/www.tunisienumerique.com\/tunisie-mahdia-audio-un-juge-dinstruction-agresse-violemment-une-femme-agee\/\">Cliquez ici pour lire l&rsquo;article depuis sa source.<\/a><\/p>\n","protected":false},"excerpt":{"rendered":"<p>62 Partages L\u2019avocat Zied Ben Hammouda, repr\u00e9sentant\u00a0d\u2019une vieille dame, victime d\u2019agression, ce jour au sein du tribunal de Mahdia, a accus\u00e9 un juge d\u2019instruction pr\u00e8s de ce tribunal, d\u2019avoir agress\u00e9 verbalement puis physiquement une dame \u00e2g\u00e9e de plus de soixante dix ans qui \u00e9tait entr\u00e9e dans son bureau pour s\u2019enqu\u00e9rir du devenir de son affaire [&hellip;]<\/p>\n","protected":false},"author":1789,"featured_media":63995,"comment_status":"closed","ping_status":"closed","sticky":false,"template":"","format":"standard","meta":{"fifu_image_url":"","fifu_image_alt":"","footnotes":""},"categories":[73,55],"tags":[],"class_list":["post-63994","post","type-post","status-publish","format-standard","has-post-thumbnail","hentry","category-actualite","category-tunisie"],"_links":{"self":[{"href":"https:\/\/linitiative.ca\/International\/wp-json\/wp\/v2\/posts\/63994","targetHints":{"allow":["GET"]}}],"collection":[{"href":"https:\/\/linitiative.ca\/International\/wp-json\/wp\/v2\/posts"}],"about":[{"href":"https:\/\/linitiative.ca\/International\/wp-json\/wp\/v2\/types\/post"}],"author":[{"embeddable":true,"href":"https:\/\/linitiative.ca\/International\/wp-json\/wp\/v2\/users\/1789"}],"replies":[{"embeddable":true,"href":"https:\/\/linitiative.ca\/International\/wp-json\/wp\/v2\/comments?post=63994"}],"version-history":[{"count":0,"href":"https:\/\/linitiative.ca\/International\/wp-json\/wp\/v2\/posts\/63994\/revisions"}],"wp:featuredmedia":[{"embeddable":true,"href":"https:\/\/linitiative.ca\/International\/wp-json\/"}],"wp:attachment":[{"href":"https:\/\/linitiative.ca\/International\/wp-json\/wp\/v2\/media?parent=63994"}],"wp:term":[{"taxonomy":"category","embeddable":true,"href":"https:\/\/linitiative.ca\/International\/wp-json\/wp\/v2\/categories?post=63994"},{"taxonomy":"post_tag","embeddable":true,"href":"https:\/\/linitiative.ca\/International\/wp-json\/wp\/v2\/tags?post=63994"}],"curies":[{"name":"wp","href":"https:\/\/api.w.org\/{rel}","templated":true}]}}