{"id":63996,"date":"2019-10-10T15:48:48","date_gmt":"2019-10-10T19:48:48","guid":{"rendered":"https:\/\/linitiative.ca\/International\/tunisie-presidence-du-gouvernement-ennahdha-opte-pour-une-competence-economique-non-partisane\/"},"modified":"2019-10-10T15:48:48","modified_gmt":"2019-10-10T19:48:48","slug":"tunisie-presidence-du-gouvernement-ennahdha-opte-pour-une-competence-economique-non-partisane","status":"publish","type":"post","link":"https:\/\/linitiative.ca\/International\/tunisie-presidence-du-gouvernement-ennahdha-opte-pour-une-competence-economique-non-partisane\/","title":{"rendered":"Tunisie \u2013 Pr\u00e9sidence du gouvernement\u00a0: Ennahdha opte pour une comp\u00e9tence \u00e9conomique non partisane"},"content":{"rendered":"<div class=\"post-cont-in left relative\">\n<div class=\"swp_social_panel swp_horizontal_panel swp_flat_fresh swp_default_full_color swp_individual_full_color swp_other_full_color scale-100 scale-\" data-min-width=\"1100\" data-float-color=\"#ffffff\" data-float=\"none\" data-float-mobile=\"none\" data-transition=\"slide\">\n<div class=\"nc_tweetContainer swp_share_button total_shares total_sharesalt\"><span class=\"swp_count\">30 <span class=\"swp_label\">Partages<\/span><\/span><\/div>\n<\/div>\n<p>Samir Dilou, d\u00e9put\u00e9 d\u2019Ennahdha, sur la circonscription de Bizerte,a assur\u00e9, ce jeudi, sur les ondes de Shems FM, que son mouvement serait favorable au choix d\u2019un chef de gouvernement qui devra \u00eatre\u00a0 comp\u00e9tent dans le domaine \u00e9conomique, politis\u00e9e mais n\u2019appartenant \u00e0 aucun parti politique.<\/p>\n<p>Il a insist\u00e9 sur le fait que cette personnalit\u00e9 devra \u00eatre politis\u00e9e et non\u00a0juste technocrate. Le caract\u00e8re politis\u00e9 du prochain chef du gouvernement l\u2019aidera \u00e0 avoir une arri\u00e8re base politique solide et pourrait b\u00e9n\u00e9ficier du soutien du maximum de partis politiques et d\u2019organisations nationales.<\/p>\n<div class=\"code-block code-block-1 c3\"><ins class=\"adsbygoogle c2\" data-ad-layout=\"in-article\" data-ad-format=\"fluid\" data-ad-client=\"ca-pub-2102118777505746\" data-ad-slot=\"7301775417\"\/> <\/div>\n<p><strong>Que se passe-t-il en Tunisie?<\/strong><br \/>Nous expliquons sur notre <a href=\"https:\/\/www.youtube.com\/channel\/UCRzypVq0B_yBad5eGrwBx0Q?sub_confirmation=1\" target=\"_blank\" rel=\"noopener noreferrer\">cha\u00eene YouTube<\/a> . <a href=\"https:\/\/www.youtube.com\/channel\/UCRzypVq0B_yBad5eGrwBx0Q?sub_confirmation=1\" target=\"_blank\" rel=\"noopener noreferrer\">Abonnez-vous!<\/a><\/p>\n<div class=\"mvp-org-wrap mvp-org-logo\" itemprop=\"publisher\" itemscope=\"\" itemtype=\"https:\/\/schema.org\/Organization\">\n<p><img decoding=\"async\" src=\"https:\/\/www.tunisienumerique.com\/wp-content\/uploads\/2017\/02\/logo_tunisie_numerique.png\"\/><\/p>\n<\/div>\n<div class=\"swp_social_panel swp_horizontal_panel swp_flat_fresh swp_default_full_color swp_individual_full_color swp_other_full_color scale-100 scale-\" data-min-width=\"1100\" data-float-color=\"#ffffff\" data-float=\"none\" data-float-mobile=\"none\" data-transition=\"slide\">\n<div class=\"nc_tweetContainer swp_share_button total_shares total_sharesalt\"><span class=\"swp_count\">30 <span class=\"swp_label\">Partages<\/span><\/span><\/div>\n<\/div>\n<div class=\"mvp-related-posts left relative\">\n<h4 class=\"post-header\"><span class=\"post-header\">Lire aussi<\/span><\/h4>\n<\/div>\n<\/div>\n<p>Auteur: LM<br \/>\n<a href=\"https:\/\/www.tunisienumerique.com\/tunisie-presidence-du-gouvernement-ennahdha-opte-pour-une-competence-economique-non-partisane\/\">Cliquez ici pour lire l&rsquo;article depuis sa source.<\/a><\/p>\n","protected":false},"excerpt":{"rendered":"<p>30 Partages Samir Dilou, d\u00e9put\u00e9 d\u2019Ennahdha, sur la circonscription de Bizerte,a assur\u00e9, ce jeudi, sur les ondes de Shems FM, que son mouvement serait favorable au choix d\u2019un chef de gouvernement qui devra \u00eatre\u00a0 comp\u00e9tent dans le domaine \u00e9conomique, politis\u00e9e mais n\u2019appartenant \u00e0 aucun parti politique. Il a insist\u00e9 sur le fait que cette personnalit\u00e9 [&hellip;]<\/p>\n","protected":false},"author":1789,"featured_media":63997,"comment_status":"closed","ping_status":"closed","sticky":false,"template":"","format":"standard","meta":{"fifu_image_url":"","fifu_image_alt":"","footnotes":""},"categories":[73,55],"tags":[],"class_list":["post-63996","post","type-post","status-publish","format-standard","has-post-thumbnail","hentry","category-actualite","category-tunisie"],"_links":{"self":[{"href":"https:\/\/linitiative.ca\/International\/wp-json\/wp\/v2\/posts\/63996","targetHints":{"allow":["GET"]}}],"collection":[{"href":"https:\/\/linitiative.ca\/International\/wp-json\/wp\/v2\/posts"}],"about":[{"href":"https:\/\/linitiative.ca\/International\/wp-json\/wp\/v2\/types\/post"}],"author":[{"embeddable":true,"href":"https:\/\/linitiative.ca\/International\/wp-json\/wp\/v2\/users\/1789"}],"replies":[{"embeddable":true,"href":"https:\/\/linitiative.ca\/International\/wp-json\/wp\/v2\/comments?post=63996"}],"version-history":[{"count":0,"href":"https:\/\/linitiative.ca\/International\/wp-json\/wp\/v2\/posts\/63996\/revisions"}],"wp:featuredmedia":[{"embeddable":true,"href":"https:\/\/linitiative.ca\/International\/wp-json\/"}],"wp:attachment":[{"href":"https:\/\/linitiative.ca\/International\/wp-json\/wp\/v2\/media?parent=63996"}],"wp:term":[{"taxonomy":"category","embeddable":true,"href":"https:\/\/linitiative.ca\/International\/wp-json\/wp\/v2\/categories?post=63996"},{"taxonomy":"post_tag","embeddable":true,"href":"https:\/\/linitiative.ca\/International\/wp-json\/wp\/v2\/tags?post=63996"}],"curies":[{"name":"wp","href":"https:\/\/api.w.org\/{rel}","templated":true}]}}