{"id":64004,"date":"2019-10-10T16:39:03","date_gmt":"2019-10-10T20:39:03","guid":{"rendered":"https:\/\/linitiative.ca\/International\/manifs-au-burkina-et-au-mali-pour-le-depart-des-troupes-etrangeres\/"},"modified":"2019-10-10T16:39:03","modified_gmt":"2019-10-10T20:39:03","slug":"manifs-au-burkina-et-au-mali-pour-le-depart-des-troupes-etrangeres","status":"publish","type":"post","link":"https:\/\/linitiative.ca\/International\/manifs-au-burkina-et-au-mali-pour-le-depart-des-troupes-etrangeres\/","title":{"rendered":"MANIFS AU BURKINA ET AU MALI POUR LE DEPART DES TROUPES ETRANGERES"},"content":{"rendered":"<div class=\"stream-item stream-item-above-post-content\">\n<p><noscript><\/p>\n<p><a href=\"\/\/www3.smartadserver.com\/ac?jump=1&#038;nwid=2136&#038;siteid=240610&#038;pgname=rg&#038;fmtid=49046&#038;visit=m&#038;tmstp=[timestamp]&#038;out=nonrich\" target=\"_blank\" rel=\"noopener noreferrer\"><img decoding=\"async\" src=\"\/\/www3.smartadserver.com\/ac?out=nonrich&#038;nwid=2136&#038;siteid=240610&#038;pgname=rg&#038;fmtid=49046&#038;visit=m&#038;tmstp=[timestamp]\" border=\"0\" alt=\"\"\/><\/a><\/p>\n<p><\/noscript><\/div>\n<p><strong>\u00a0<\/strong>Des organisations de la soci\u00e9t\u00e9 civile du Burkina et du Mali sont aujourd\u2019hui vent debout contre la pr\u00e9sence de troupes \u00e9trang\u00e8res dans leurs pays respectifs. Au Mali, cela s\u2019est traduit par une manifestation pour signifier aux autorit\u00e9s tout le mal qu\u2019elles pensent de la pr\u00e9sence de ces troupes sur leur sol. Au Burkina, la manif a pris la forme de la tenue de journ\u00e9es anti-imp\u00e9rialistes. A Ouagadougou comme \u00e0 Bamako donc, la th\u00e9matique est la m\u00eame. C\u2019est la d\u00e9nonciation au vitriol des imp\u00e9rialistes. Ces derniers sont pratiquement accus\u00e9s d\u2019\u00eatre de connivence avec les forces du mal \u00e0 l\u2019effet de faire main basse sur les richesses du Sahel africain. L\u2019on se rappelle \u00e9galement qu\u2019une manif de la m\u00eame nature avait eu lieu au Niger. Les arguments brandis pour exiger le d\u00e9part de ces troupes, peuvent tenir la route. Leur pr\u00e9sence peut-\u00eatre analys\u00e9e, en effet, sous l\u2019angle\u00a0 de la perp\u00e9tuation de l\u2019imp\u00e9rialisme europ\u00e9en du XIXe si\u00e8cle.<\/p>\n<p><strong>\u00a0<\/strong><\/p>\n<p><strong>On peut avoir l\u2019impression que les troupes \u00e9trang\u00e8res ne font que le strict minimum<\/strong><\/p>\n<p><strong>\u00a0<\/strong><\/p>\n<p><strong>\u00a0<\/strong><\/p>\n<p class=\"c3\">De ce point de vue, cette pr\u00e9sence est indissociable des causes fondamentales de l\u2019imp\u00e9rialisme\u00a0 qui sont, entre autres, l\u2019exploitation \u00e9conomique des zones occup\u00e9es et le positionnement g\u00e9ostrat\u00e9gique. Et dans le cas d\u2019esp\u00e8ce, il est \u00e9tabli que le Sahel africain regorge de richesses all\u00e9chantes qui peuvent faire saliver. Il est aussi admis que ce grand espace offre d\u2019\u00e9normes possibilit\u00e9s de positionnement g\u00e9ostrat\u00e9gique, s\u00e9rieusement lorgn\u00e9es et convoit\u00e9es par les puissances occidentales. Ainsi, les Am\u00e9ricains ont pris pied dans le Sahel nig\u00e9rien en y\u00a0\u00a0 installant des bases militaires. Les Fran\u00e7ais ne sont pas en reste, puisqu\u2019ils donnent l\u2019impression de veiller sur le Sahel burkinab\u00e8 et malien comme du lait sur le feu. Et l\u2019instrument qui a \u00e9t\u00e9 d\u00e9di\u00e9 \u00e0 ce mobile g\u00e9ostrat\u00e9gique, pourrait \u00eatre Barkhane. L\u2019on peut ranger dans la m\u00eame logique, l\u2019attitude un peu trouble de la France vis-\u00e0-vis de la localit\u00e9 de Kidal en particulier et sa sympathie non moins suspecte \u00e0 l\u2019endroit des Hommes bleus du d\u00e9sert, c\u2019est-\u00e0-dire les Touaregs. Et cette attitude de nos anc\u00eatres les Gaulois, a \u00e9t\u00e9 une constante depuis que le Mali a acc\u00e9d\u00e9 \u00e0 l\u2019ind\u00e9pendance en 1960, si fait que Kidal a toujours \u00e9t\u00e9 une sorte de boulet au pied du pays de Modibo Ke\u00efta. L\u2019autre grand reproche formul\u00e9 contre les troupes \u00e9trang\u00e8res, est li\u00e9 \u00e0 leur inefficacit\u00e9. En effet, l\u2019on peut avoir l\u2019impression qu\u2019elles ne font que le strict minimum. En tout cas, elles ne font pas assez pour briser les reins de la b\u00eate immonde alors qu\u2019elles ont tous les moyens technologiques et militaires pour le faire. En Syrie et en Irak, en tout cas, elles ne sont pas all\u00e9es avec le dos de la cuill\u00e8re pour bouter hors de ces pays, l\u2019EI (Etat islamique). Quand donc leurs int\u00e9r\u00eats sont\u00a0 menac\u00e9s par les terroristes, les imp\u00e9rialistes savent faire montre d\u2019efficacit\u00e9. L\u2019on peut, de ce point de vue, s\u2019interroger sur leur sinc\u00e9rit\u00e9 \u00e0 venir \u00e0 bout des groupes arm\u00e9s qui s\u00e9vissent aujourd\u2019hui au Sahel. L\u2019on peut d\u2019autant \u00a0plus s\u2019interroger sur leur engagement sinc\u00e8re\u00a0 \u00e0 le\u00a0 faire, que lesdits groupes\u00a0 arm\u00e9s sont loin non seulement d\u2019avoir les effectifs de l\u2019EI en Syrie et en Irak, mais aussi de disposer de la puissance de feu de ce dernier.<\/p>\n<p><strong>\u00a0<\/strong><\/p>\n<p><strong>Il revient aux troupes \u00e9trang\u00e8res d\u2019apporter la preuve qu\u2019elles sont aussi au Sahel pour desserrer l\u2019\u00e9tau des terroristes autour des populations meurtries<\/strong><\/p>\n<p><strong>\u00a0<\/strong><\/p>\n<p class=\"c3\">L\u2019on peut l\u00e9gitimement donc adh\u00e9rer \u00e0 la th\u00e8se des organisateurs des manifestations, selon laquelle les imp\u00e9rialistes sont de connivence avec les groupes arm\u00e9s dans le dessein de fragiliser davantage nos Etats pour mieux justifier leur pr\u00e9sence. D\u2019ailleurs, ce sentiment, au-del\u00e0 des organisateurs des journ\u00e9es anti-imp\u00e9rialistes, est en train de gagner les populations qui ne savent plus \u00e0 quel saint se vouer, elles qui, aujourd\u2019hui, subissent au quotidien la folie meurtri\u00e8re des terroristes. Il revient donc aux troupes \u00e9trang\u00e8res, d\u2019apporter la preuve qu\u2019elles sont aussi au Sahel pour desserrer l\u2019\u00e9tau des terroristes autour de populations meurtries et innocentes. Et si elles s\u2019inscrivent dans cette logique, il ne fait pas de doute qu\u2019elles\u00a0 gagneront le c\u0153ur de ces populations. Cela dit, l\u2019on peut se poser\u00a0 la question de savoir ce que\u00a0 seraient le Mali, le Niger et le Burkina, sans la pr\u00e9sence de ces troupes \u00e9trang\u00e8res. A cette question, l\u2019on peut r\u00e9pondre de mani\u00e8re nette et cat\u00e9gorique. Ces pays-l\u00e0 seraient totalement sous l\u2019emprise des terroristes. Ces derniers n\u2019auraient eu aucune\u00a0 difficult\u00e9 \u00e0 en faire des califats\u00a0 o\u00f9 ils auraient s\u00e9vi contre toutes les libert\u00e9s individuelles et collectives. Et tous ceux qui d\u00e9veloppent aujourd\u2019hui\u00a0 des\u00a0 tirades contre la pr\u00e9sence des troupes \u00e9trang\u00e8res au Sahel, n\u2019auraient aucune possibilit\u00e9 de \u00a0se d\u00e9verser dans la rue pour signifier leur m\u00e9contentement, encore moins d\u2019acc\u00e9der \u00e0 la Bourse du travail pour y tenir des meetings de protestation. Car, ne l\u2019oublions jamais, les terroristes consid\u00e8rent tous ceux qui savent faire preuve de <em>cogito ergo sum<\/em> (je pense donc je suis), comme des \u00a0ennemis\u00a0 \u00e0 abattre. De la m\u00eame mani\u00e8re, tous ceux qui pratiquent la langue de ces <em>\u2018\u2019imp\u00e9rialistes\u2019\u2019<\/em> et par ricochet, leur culture, sont bons pour le peloton d\u2019ex\u00e9cution. Il faut donc se garder de jeter le b\u00e9b\u00e9 avec l\u2019eau du bain. Car, la pr\u00e9sence de ces troupes \u00e9trang\u00e8res a certes ses inconv\u00e9nients, mais elle a aussi ses avantages. Et puis, \u00e0 moins de vouloir s\u2019auto exclure de la communaut\u00e9 des nations, l\u2019on ne voit pas comment l\u2019on pourrait r\u00e9cuser\u00a0 la pr\u00e9sence de la MINUSMA au Mali. En effet, cette structure est une cr\u00e9ation des Nations unies. Et le Mali, le Burkina et le Niger en font partie. Tout le monde a certes le droit de manifester puisque\u00a0la d\u00e9mocratie le garantit, mais il est du devoir de tous d\u2019\u00e9viter de tenir des propos susceptibles de saper le moral de nos forces de d\u00e9fense et de s\u00e9curit\u00e9 et de d\u00e9courager certaines bonnes volont\u00e9s qui veulent nous aider \u00e0 casser du terroriste. Et les Maliens sont les premiers \u00e0 savoir que si Fran\u00e7ois Hollande n\u2019avait pas envoy\u00e9 ses troupes pour contrer la marche des terroristes sur Bamako, le Mali serait aujourd\u2019hui un laboratoire d\u2019exp\u00e9rimentation du projet de\u00a0 soci\u00e9t\u00e9 funeste de ces fous d\u2019Allah. Et apr\u00e8s ce pays, le Burkina et le Niger s\u2019effondreraient comme des ch\u00e2teaux de cartes sous leur puissance de feu et face \u00e0 leur d\u00e9termination.<\/p>\n<p><strong>\u00a0<\/strong><\/p>\n<p><strong><em>\u00ab\u00a0Le Pays\u00a0\u00bb<\/em><\/strong><\/p>\n<p>Auteur: Le Pays<br \/>\n<a href=\"http:\/\/lepays.bf\/manifs-au-burkina-et-au-mali-pour-le-depart-des-troupes-etrangeres\/\">Cliquez ici pour lire l&rsquo;article depuis sa source.<\/a><\/p>\n","protected":false},"excerpt":{"rendered":"<p>\u00a0Des organisations de la soci\u00e9t\u00e9 civile du Burkina et du Mali sont aujourd\u2019hui vent debout contre la pr\u00e9sence de troupes \u00e9trang\u00e8res dans leurs pays respectifs. Au Mali, cela s\u2019est traduit par une manifestation pour signifier aux autorit\u00e9s tout le mal qu\u2019elles pensent de la pr\u00e9sence de ces troupes sur leur sol. Au Burkina, la manif [&hellip;]<\/p>\n","protected":false},"author":1813,"featured_media":0,"comment_status":"closed","ping_status":"closed","sticky":false,"template":"","format":"standard","meta":{"fifu_image_url":"","fifu_image_alt":"","footnotes":""},"categories":[73,81],"tags":[],"class_list":["post-64004","post","type-post","status-publish","format-standard","hentry","category-actualite","category-burkina-faso"],"_links":{"self":[{"href":"https:\/\/linitiative.ca\/International\/wp-json\/wp\/v2\/posts\/64004","targetHints":{"allow":["GET"]}}],"collection":[{"href":"https:\/\/linitiative.ca\/International\/wp-json\/wp\/v2\/posts"}],"about":[{"href":"https:\/\/linitiative.ca\/International\/wp-json\/wp\/v2\/types\/post"}],"author":[{"embeddable":true,"href":"https:\/\/linitiative.ca\/International\/wp-json\/wp\/v2\/users\/1813"}],"replies":[{"embeddable":true,"href":"https:\/\/linitiative.ca\/International\/wp-json\/wp\/v2\/comments?post=64004"}],"version-history":[{"count":0,"href":"https:\/\/linitiative.ca\/International\/wp-json\/wp\/v2\/posts\/64004\/revisions"}],"wp:attachment":[{"href":"https:\/\/linitiative.ca\/International\/wp-json\/wp\/v2\/media?parent=64004"}],"wp:term":[{"taxonomy":"category","embeddable":true,"href":"https:\/\/linitiative.ca\/International\/wp-json\/wp\/v2\/categories?post=64004"},{"taxonomy":"post_tag","embeddable":true,"href":"https:\/\/linitiative.ca\/International\/wp-json\/wp\/v2\/tags?post=64004"}],"curies":[{"name":"wp","href":"https:\/\/api.w.org\/{rel}","templated":true}]}}