{"id":64005,"date":"2019-10-10T16:44:45","date_gmt":"2019-10-10T20:44:45","guid":{"rendered":"https:\/\/linitiative.ca\/International\/mobilisation-de-14-millards-contre-le-vih-sida-la-tuberculose-et-le-paludisme\/"},"modified":"2019-10-10T16:44:45","modified_gmt":"2019-10-10T20:44:45","slug":"mobilisation-de-14-millards-contre-le-vih-sida-la-tuberculose-et-le-paludisme","status":"publish","type":"post","link":"https:\/\/linitiative.ca\/International\/mobilisation-de-14-millards-contre-le-vih-sida-la-tuberculose-et-le-paludisme\/","title":{"rendered":"MOBILISATION DE 14 MILLARDS CONTRE LE VIH\/SIDA, LA TUBERCULOSE ET LE PALUDISME"},"content":{"rendered":"<div class=\"stream-item stream-item-above-post-content\">\n<p><noscript><\/p>\n<p><a href=\"\/\/www3.smartadserver.com\/ac?jump=1&#038;nwid=2136&#038;siteid=240610&#038;pgname=rg&#038;fmtid=49046&#038;visit=m&#038;tmstp=[timestamp]&#038;out=nonrich\" target=\"_blank\" rel=\"noopener noreferrer\"><img decoding=\"async\" src=\"\/\/www3.smartadserver.com\/ac?out=nonrich&#038;nwid=2136&#038;siteid=240610&#038;pgname=rg&#038;fmtid=49046&#038;visit=m&#038;tmstp=[timestamp]\" border=\"0\" alt=\"\"\/><\/a><\/p>\n<p><\/noscript><\/div>\n<p>Ouverte le 9 octobre 2019, \u00e0 Lyon en France, la 6<sup>e<\/sup> Conf\u00e9rence de reconstitution du Fonds mondial contre le VIH\/Sida, la tuberculose et le paludisme, s\u2019est achev\u00e9e hier sur une note d\u2019espoir, pourrait-on dire. En effet, au terme de la rencontre \u00e0 laquelle plusieurs chefs d\u2019Etat du continent ont pris part,\u00a0 le pr\u00e9sident fran\u00e7ais, Emmanuel Macron, a annonc\u00e9 avec joie, que l\u2019objectif fix\u00e9, \u00e0 savoir recueillir un montant de 14 milliards de dollars de financement pour les trois prochaines ann\u00e9es aupr\u00e8s de partenaires priv\u00e9s et publics, a \u00e9t\u00e9 atteint et ce, gr\u00e2ce aux engagements des anciens et nouveaux donateurs parmi lesquels on compte des Africains. Comme pour montrer que son pays qui \u00e9tait attendu au tournant, veut redorer son blason, le pr\u00e9sident fran\u00e7ais a, sans d\u00e9tour, annonc\u00e9 une contribution \u00e0 hauteur de 1,5 milliard d\u2019euros plus 60 millions d\u2019euros suppl\u00e9mentaires. Toujours est-il que la France a augment\u00e9 de 20%, sa contribution par rapport aux ann\u00e9es ant\u00e9rieures, se hissant ainsi au rang de deuxi\u00e8me plus grand contributeur apr\u00e8s l\u2019Am\u00e9rique de Donald Trump.\u00a0 Tout cela est bien beau, mais l\u2019on pourrait dire que le plus dur commence car, entre les engagements pris et le d\u00e9bat de leur concr\u00e9tisation, il y a un foss\u00e9 abyssal. En tous les cas, il faut souhaiter que chaque contributeur tienne parole, notamment les pays africains dont l\u2019engagement cette ann\u00e9e, est in\u00e9dit. En effet, le Burkina Faso, le Niger, le Nigeria, l\u2019Afrique du Sud pour ne citer que ceux-l\u00e0, ont tous pris l\u2019engagement de d\u00e9lier les cordons de la bourse. Et c\u2019est \u00e0 leur honneur car apr\u00e8s tout, ils sont les plus grands b\u00e9n\u00e9ficiaires des fonds qui seront mobilis\u00e9s pour vaincre la pand\u00e9mie d\u2019ici \u00e0 2030.\u00a0 Le moins que l\u2019on puisse dire, c\u2019est que le jeu en vaut la chandelle d\u2019autant que les financements, en ce qui concerne notamment la lutte contre le VIH\/SIDA, ont tari. A tel point que certains redoutent une r\u00e9surgence de la pand\u00e9mie.<\/p>\n<p><em><strong>L\u2019Afrique doit se donner les moyens de repenser son syst\u00e8me sanitaire<\/strong><\/em><\/p>\n<p><strong>\u00a0<\/strong><\/p>\n<p class=\"c3\">Sous cet angle, on peut donc dire que la rencontre avait vraiment sa raison d\u2019\u00eatre.\u00a0 En tout cas, la mobilisation des 14 milliards de dollars est un espoir pour tous ceux qui souffrent de ces trois pand\u00e9mies. Il faudra encore insister sur une r\u00e9alit\u00e9\u00a0: le tout n\u2019est pas de prendre des <em>engagements comme c\u2019est de coutume. Au-del\u00e0 des promesses, il faudra bien des actes concrets. Surtout que l\u2019humanit\u00e9 est face \u00e0 cet enjeu crucial, celui de venir \u00e0 bout, d\u2019ici \u00e0 2030, de ces trois \u00e9pid\u00e9mies qui font quotidiennement trois millions de morts \u00e0 travers le monde. C\u2019est en cela qu\u2019il convient de saluer l\u2019engagement des pays africains dont la tr\u00e8s faible contribution (1%) en termes de mobilisation des ressources pour ce Fonds, laissait perplexe.\u00a0 Avec les nouveaux engagements pris, on ose esp\u00e9rer qu\u2019ils ont compris qu\u2019ils doivent se d\u00e9partir de cette posture d\u2019\u00e9ternelle assist\u00e9e, d\u2019une Afrique toujours encline \u00e0 compter sur les autres. Vu la gravit\u00e9 et la persistance de ces maux, il est grandement temps qu\u2019elle se positionne davantage sur le front sanitaire. En tout cas, c\u2019est ce \u00e0 quoi l\u2019invitait, du reste, l\u2019Elys\u00e9e qui avait \u00e9voqu\u00e9, et \u00e0 juste titre, la n\u00e9cessit\u00e9, pour les b\u00e9n\u00e9ficiaires africains du Fonds, de renforcer leurs investissements dans leurs propres syst\u00e8mes de sant\u00e9. Et l\u2019on peut dire que la France a bien fait d\u2019avoir mis le doigt sur la plaie.<\/em> <em>Car, pour de nombreux Etats africains, le syst\u00e8me sanitaire est dans un tel \u00e9tat de d\u00e9labrement, voire d\u2019agonie, que toute la bonne volont\u00e9 et l\u2019humanit\u00e9 des partenaires occidentaux, s\u2019apparentent parfois au tonneau des<\/em> <em>Dana\u00efdes.<\/em> <em>\u00a0C\u2019est pourquoi<\/em> <em>l\u2019Afrique doit se donner les moyens et le courage de repenser son syst\u00e8me sanitaire. Ce faisant, elle doit b\u00e2tir une politique de sant\u00e9 plus os\u00e9e et plus ambitieuse, \u00e9difi\u00e9e notamment sur une politique constante de recherche fondamentale et appliqu\u00e9e, \u00e0 l\u2019image de l\u2019Afrique du sud qui a invent\u00e9 et produit ses propres rem\u00e8des pour soulager bien de ses patients atteints de Sida.\u00a0\u00a0 Autrement, le continent n\u2019aura de cesse de tendre la s\u00e9bile, pour des r\u00e9sultats qui continueront toujours \u00e0 montrer leurs limites. Assur\u00e9ment, l\u2019Afrique doit se r\u00e9inventer un syst\u00e8me qu\u2019elle doit accompagner de bonnes pratiques en mati\u00e8re de bonne gouvernance dans le secteur tr\u00e8s sensible de la sant\u00e9.<\/em><\/p>\n<p class=\"c3\"><em>\u00a0<\/em><\/p>\n<p><em><strong>\u00ab\u00a0Le Pays\u00a0\u00bb. \u00a0<\/strong><\/em><\/p>\n<p><strong>\u00a0<\/strong><\/p>\n<p>Auteur: Le Pays<br \/>\n<a href=\"http:\/\/lepays.bf\/mobilisation-de-14-millards-contre-le-vih-sida-la-tuberculose-et-le-paludisme\/\">Cliquez ici pour lire l&rsquo;article depuis sa source.<\/a><\/p>\n","protected":false},"excerpt":{"rendered":"<p>Ouverte le 9 octobre 2019, \u00e0 Lyon en France, la 6e Conf\u00e9rence de reconstitution du Fonds mondial contre le VIH\/Sida, la tuberculose et le paludisme, s\u2019est achev\u00e9e hier sur une note d\u2019espoir, pourrait-on dire. En effet, au terme de la rencontre \u00e0 laquelle plusieurs chefs d\u2019Etat du continent ont pris part,\u00a0 le pr\u00e9sident fran\u00e7ais, Emmanuel [&hellip;]<\/p>\n","protected":false},"author":1813,"featured_media":0,"comment_status":"closed","ping_status":"closed","sticky":false,"template":"","format":"standard","meta":{"fifu_image_url":"","fifu_image_alt":"","footnotes":""},"categories":[73,81],"tags":[],"class_list":["post-64005","post","type-post","status-publish","format-standard","hentry","category-actualite","category-burkina-faso"],"_links":{"self":[{"href":"https:\/\/linitiative.ca\/International\/wp-json\/wp\/v2\/posts\/64005","targetHints":{"allow":["GET"]}}],"collection":[{"href":"https:\/\/linitiative.ca\/International\/wp-json\/wp\/v2\/posts"}],"about":[{"href":"https:\/\/linitiative.ca\/International\/wp-json\/wp\/v2\/types\/post"}],"author":[{"embeddable":true,"href":"https:\/\/linitiative.ca\/International\/wp-json\/wp\/v2\/users\/1813"}],"replies":[{"embeddable":true,"href":"https:\/\/linitiative.ca\/International\/wp-json\/wp\/v2\/comments?post=64005"}],"version-history":[{"count":0,"href":"https:\/\/linitiative.ca\/International\/wp-json\/wp\/v2\/posts\/64005\/revisions"}],"wp:attachment":[{"href":"https:\/\/linitiative.ca\/International\/wp-json\/wp\/v2\/media?parent=64005"}],"wp:term":[{"taxonomy":"category","embeddable":true,"href":"https:\/\/linitiative.ca\/International\/wp-json\/wp\/v2\/categories?post=64005"},{"taxonomy":"post_tag","embeddable":true,"href":"https:\/\/linitiative.ca\/International\/wp-json\/wp\/v2\/tags?post=64005"}],"curies":[{"name":"wp","href":"https:\/\/api.w.org\/{rel}","templated":true}]}}