{"id":64006,"date":"2019-10-10T16:49:10","date_gmt":"2019-10-10T20:49:10","guid":{"rendered":"https:\/\/linitiative.ca\/International\/demande-de-revision-des-conditions-de-detention-de-gbagbo\/"},"modified":"2019-10-10T16:49:10","modified_gmt":"2019-10-10T20:49:10","slug":"demande-de-revision-des-conditions-de-detention-de-gbagbo","status":"publish","type":"post","link":"https:\/\/linitiative.ca\/International\/demande-de-revision-des-conditions-de-detention-de-gbagbo\/","title":{"rendered":"DEMANDE DE REVISION DES CONDITIONS DE DETENTION DE GBAGBO"},"content":{"rendered":"<div class=\"stream-item stream-item-above-post-content\">\n<p><noscript><\/p>\n<p><a href=\"\/\/www3.smartadserver.com\/ac?jump=1&#038;nwid=2136&#038;siteid=240610&#038;pgname=rg&#038;fmtid=49046&#038;visit=m&#038;tmstp=[timestamp]&#038;out=nonrich\" target=\"_blank\" rel=\"noopener noreferrer\"><img decoding=\"async\" src=\"\/\/www3.smartadserver.com\/ac?out=nonrich&#038;nwid=2136&#038;siteid=240610&#038;pgname=rg&#038;fmtid=49046&#038;visit=m&#038;tmstp=[timestamp]\" border=\"0\" alt=\"\"\/><\/a><\/p>\n<p><\/noscript><\/div>\n<p>Les avocats de Laurent Gbagbo veulent obtenir un assouplissement des conditions de sa d\u00e9tention car ils estiment que celles-ci l\u2019\u00e9cartent de la course \u00e0 la pr\u00e9sidentielle de 2020. On le sait, bien qu\u2019acquitt\u00e9 en janvier dernier, l\u2019ancien pr\u00e9sident ivoirien est assign\u00e9 \u00e0 Bruxelles o\u00f9 il lui est impossible de quitter la capitale belge sans l\u2019accord de la Cour et de poser certains actes au regard des nombreuses conditions qui lui sont impos\u00e9es.\u00a0 Cela dit, ses conseils seront-ils entendus par la Cour p\u00e9nale internationale? Rien n\u2019est moins s\u00fbr. Quand on sait que dame Bensouda avait <em>confirm\u00e9, le 16 septembre dernier, son appel de la d\u00e9cision d\u2019acquittement du c\u00e9l\u00e8bre prisonnier, prononc\u00e9e le 15 janvier dernier, l\u2019on peut en douter. \u00a0Ce d\u2019autant que cet appel n\u2019est pas pour faciliter le retour du Christ de Mama au bercail. En tout cas, c\u2019est un coup de massue sur la t\u00eate des partisans de Laurent Gbagbo. Si \u00e0 un an de la pr\u00e9sidentielle en C\u00f4te d\u2019Ivoire, les avocats plaident pour plus de droits civils en faveur de leur client, c\u2019est que l\u2019homme politique n\u2019\u00e9carte pas la possibilit\u00e9 de se lancer dans la conqu\u00eate du palais de Cocody. \u00a0Et ce ne serait que conforme \u00e0 la volont\u00e9 de ses partisans dont beaucoup nourrissent le secret espoir de le voir jouer les premiers r\u00f4les. Du reste, le rapprochement entre lui et le sphinx de Daoukro, Henri Konan B\u00e9di\u00e9 pour ne pas le nommer, n\u2019est pas anodin. L\u2019objectif est clair : d\u00e9loger le locataire du palais de Cocody, Alassane Ouattara, qui aura travaill\u00e9 \u00e0 s\u2019attirer les inimiti\u00e9s de ces deux vieux loups de la sc\u00e8ne politique ivoirienne. Et un \u00e9ventuel retour de Laurent Gbagbo en terre ivoirienne, ne pourrait que troubler davantage le sommeil d\u2019ADO. \u00a0<\/em><\/p>\n<p class=\"c3\"><em>\u00a0<\/em><\/p>\n<p><em><strong>Bensouda est face \u00e0 un dilemme<\/strong><\/em><\/p>\n<p><em><strong>\u00a0<\/strong><\/em><\/p>\n<p class=\"c3\"><em>Le moins que l\u2019on puisse dire, c\u2019est que cette bataille des avocats de Laurent Gbagbo n\u2019est pas pour d\u00e9plaire \u00e0 ses partisans, eux qui piaffent d\u2019impatience de le voir regagner sa terre natale. \u00a0M\u00eame si, pour l\u2019instant, l\u2019on ne peut pr\u00e9dire l\u2019issue de cette affaire, on est au moins s\u00fbr d\u2019une chose : le calvaire de Laurent Gbagbo se poursuivra encore pour quelque temps. D\u2019ici que la Cour parcoure le dossier de 22 pages mont\u00e9 \u00e0 cet effet, pour y apporter une r\u00e9ponse, beaucoup d\u2019eau pourrait couler sous les ponts. Toutefois, l\u2019on pourrait dire que cette nouvelle action des avocats de Laurent Gbagbo est un autre caillou dans les souliers de Bensouda, elle qui croit dur comme fer \u00e0 la culpabilit\u00e9 de l\u2019ex-pr\u00e9sident ivoirien et de son ministre de la Jeunesse. Du reste, si elle persiste et signe, c\u2019est qu\u2019elle garde toujours espoir de prouver la culpabilit\u00e9 des deux hommes. Car, il faut le rappeler, Laurent Gbagbo et Charles Bl\u00e9 Goud\u00e9 avaient \u00e9t\u00e9 acquitt\u00e9s pour insuffisance de preuves. Ce qui est loin de signifier qu\u2019ils sont blancs comme neige. Cela dit, acceptera-t-elle l\u2019assouplissement des conditions de d\u00e9tention de Laurent Gbagbo o\u00f9 restera-t-elle droite dans ses bottes\u00a0? On attend de voir. Si elle fl\u00e9chit, elle aura fait preuve de mansu\u00e9tude aux yeux des partisans de Laurent Gbagbo mais si elle donne une fin de non-recevoir, sa d\u00e9cision pourrait \u00eatre consid\u00e9r\u00e9e comme un acharnement contre leur mentor qu\u2019ils font passer pour panafricaniste jusqu\u2019au bout des ongles. Autant dire que Bensouda est face \u00e0 un dilemme.<\/em><\/p>\n<p><em><strong>\u00a0<\/strong><\/em><\/p>\n<p><em><strong>Dabadi ZOUMBARA<\/strong><\/em><\/p>\n<p><strong>\u00a0<\/strong><\/p>\n<p>Auteur: Le Pays<br \/>\n<a href=\"http:\/\/lepays.bf\/demande-de-revision-des-conditions-de-detention-de-gbagbo-3\/\">Cliquez ici pour lire l&rsquo;article depuis sa source.<\/a><\/p>\n","protected":false},"excerpt":{"rendered":"<p>Les avocats de Laurent Gbagbo veulent obtenir un assouplissement des conditions de sa d\u00e9tention car ils estiment que celles-ci l\u2019\u00e9cartent de la course \u00e0 la pr\u00e9sidentielle de 2020. On le sait, bien qu\u2019acquitt\u00e9 en janvier dernier, l\u2019ancien pr\u00e9sident ivoirien est assign\u00e9 \u00e0 Bruxelles o\u00f9 il lui est impossible de quitter la capitale belge sans l\u2019accord [&hellip;]<\/p>\n","protected":false},"author":1813,"featured_media":0,"comment_status":"closed","ping_status":"closed","sticky":false,"template":"","format":"standard","meta":{"fifu_image_url":"","fifu_image_alt":"","footnotes":""},"categories":[73,81],"tags":[],"class_list":["post-64006","post","type-post","status-publish","format-standard","hentry","category-actualite","category-burkina-faso"],"_links":{"self":[{"href":"https:\/\/linitiative.ca\/International\/wp-json\/wp\/v2\/posts\/64006","targetHints":{"allow":["GET"]}}],"collection":[{"href":"https:\/\/linitiative.ca\/International\/wp-json\/wp\/v2\/posts"}],"about":[{"href":"https:\/\/linitiative.ca\/International\/wp-json\/wp\/v2\/types\/post"}],"author":[{"embeddable":true,"href":"https:\/\/linitiative.ca\/International\/wp-json\/wp\/v2\/users\/1813"}],"replies":[{"embeddable":true,"href":"https:\/\/linitiative.ca\/International\/wp-json\/wp\/v2\/comments?post=64006"}],"version-history":[{"count":0,"href":"https:\/\/linitiative.ca\/International\/wp-json\/wp\/v2\/posts\/64006\/revisions"}],"wp:attachment":[{"href":"https:\/\/linitiative.ca\/International\/wp-json\/wp\/v2\/media?parent=64006"}],"wp:term":[{"taxonomy":"category","embeddable":true,"href":"https:\/\/linitiative.ca\/International\/wp-json\/wp\/v2\/categories?post=64006"},{"taxonomy":"post_tag","embeddable":true,"href":"https:\/\/linitiative.ca\/International\/wp-json\/wp\/v2\/tags?post=64006"}],"curies":[{"name":"wp","href":"https:\/\/api.w.org\/{rel}","templated":true}]}}