{"id":64007,"date":"2019-10-10T16:51:59","date_gmt":"2019-10-10T20:51:59","guid":{"rendered":"https:\/\/linitiative.ca\/International\/dialogue-et-contre-dialogue-a-cotonou\/"},"modified":"2019-10-10T16:51:59","modified_gmt":"2019-10-10T20:51:59","slug":"dialogue-et-contre-dialogue-a-cotonou","status":"publish","type":"post","link":"https:\/\/linitiative.ca\/International\/dialogue-et-contre-dialogue-a-cotonou\/","title":{"rendered":"DIALOGUE ET CONTRE DIALOGUE A COTONOU"},"content":{"rendered":"<div class=\"stream-item stream-item-above-post-content\">\n<p><noscript><\/p>\n<p><a href=\"\/\/www3.smartadserver.com\/ac?jump=1&#038;nwid=2136&#038;siteid=240610&#038;pgname=rg&#038;fmtid=49046&#038;visit=m&#038;tmstp=[timestamp]&#038;out=nonrich\" target=\"_blank\" rel=\"noopener noreferrer\"><img decoding=\"async\" src=\"\/\/www3.smartadserver.com\/ac?out=nonrich&#038;nwid=2136&#038;siteid=240610&#038;pgname=rg&#038;fmtid=49046&#038;visit=m&#038;tmstp=[timestamp]\" border=\"0\" alt=\"\"\/><\/a><\/p>\n<p><\/noscript><\/div>\n<p>Alors que depuis le 9 octobre dernier, 9 formations politiques choisies pour leur conformit\u00e9 avec la nouvelle charte des partis politiques, sont en conclave \u00e0 Cotonou dans le cadre du dialogue politique promis depuis le 20 mai dernier par le chef de l\u2019Etat b\u00e9ninois, Patrice Talon, il s\u2019est ouvert parall\u00e8lement, le m\u00eame jour, sous l\u2019\u00e9gide de l\u2019ex-pr\u00e9sident, Nic\u00e9phore Soglo, <em>\u00ab\u00a0un contre-dialogue\u00a0\u00bb<\/em> r\u00e9unissant les t\u00e9nors de l\u2019opposition regroup\u00e9s au sein des Forces de la R\u00e9sistance. Bien plus qu\u2019un hasard de calendrier, la tenue concomitante des deux assises est un choix conscient de l\u2019opposition politique b\u00e9ninoise, insidieusement exclue des pourparlers officiels, pour faire dans la provocation. L\u2019ambition \u00e0 peine dissimul\u00e9e est de nuire \u00e0 la communication politique que tente d\u2019op\u00e9rer le Pr\u00e9sident Talon \u00e0 travers le dialogue politique qu\u2019il a convoqu\u00e9 et, par la m\u00eame occasion, de traduire l\u2019\u00e9chec de l\u2019initiative. C\u2019est du reste ce que laisse entendre le chef d\u2019orchestre des assises de l\u2019opposition qui, \u00e0 propos du dialogue initi\u00e9 par le chef de l\u2019Etat, a eu ces propos\u00a0: \u00ab\u00a0<em>C\u2019est une rencontre sans int\u00e9r\u00eat\u00a0<\/em>\u00bb. Le moins que l\u2019on puisse dire, c\u2019est que <em>\u00ab\u00a0ces dialogues s\u00e9par\u00e9s\u00a0\u00bb<\/em> traduisent aux yeux de l\u2019opinion nationale et internationale, la profonde division de la classe politique et au-del\u00e0, de la soci\u00e9t\u00e9 b\u00e9ninoise, toute chose qui n\u2019augure rien de bon pour la paix sociale dans le pays. Et cette fracture sociale causera immanquablement des torts \u00e0 l\u2019\u00e9conomie nationale qui souffre d\u00e9j\u00e0 de la fermeture de la fronti\u00e8re avec le grand voisin nig\u00e9rian, du fait m\u00eame de la crise politique larvaire dans le pays. Le B\u00e9nin, autrefois vitrine d\u00e9mocratique de l\u2019Afrique, en prend un vilain coup pour son image et l\u2019on peut dire, sans risque de se tromper, que le pays n\u2019avait\u00a0 vraiment pas besoin de cela.<\/p>\n<p><strong>On peut regretter que le pr\u00e9sident Talon n\u2019ait pu trouver meilleure trajectoire pour son pays<\/strong><\/p>\n<p><strong>\u00a0<\/strong><\/p>\n<p><strong>\u00a0<\/strong><\/p>\n<p class=\"c3\">Cela dit, l\u2019on peut tout de m\u00eame saluer la tenue jusque-l\u00e0 pacifique des deux assises rivales. Les deux parties se sont gard\u00e9es pour l\u2019instant de toutes surench\u00e8res verbales, aucune n\u2019ayant appel\u00e9 ses sympathisants et militants \u00e0 descendre dans la rue pour protester, emp\u00eacher ou perturber l\u2019une ou l\u2019autre rencontre. Cela traduit non seulement la maturit\u00e9 de la classe politique b\u00e9ninoise, mais t\u00e9moigne aussi de la vitalit\u00e9 d\u00e9mocratique au B\u00e9nin. Il faut donc souhaiter que jusqu\u2019\u00e0 la fin, les deux camps ne c\u00e8dent pas \u00e0 la provocation et n\u2019enflamment pas cette atmosph\u00e8re surchauff\u00e9e et lourde de rancunes tenaces de cette sc\u00e8ne politique b\u00e9ninoise. Toutefois, l\u2019on peut regretter que le pr\u00e9sident Talon n\u2019ait pu trouver meilleure trajectoire pour son pays que de le placer sur cette orbite de la haine et de la division. C\u2019est bien malheureusement ce qui arrive lorsqu\u2019on est hant\u00e9 par la boulimie du pouvoir. Gageons que le peuple b\u00e9ninois se r\u00e9veillera \u00e0 temps pour freiner cette course \u00e0 l\u2019ab\u00eeme\u00a0 qui vendange non seulement sa lutte h\u00e9ro\u00efque pour la d\u00e9mocratie aux lendemains du discours de La Baule et ses acquis en termes de libert\u00e9s individuelles et collectives, mais aussi engage le pays sur des sentiers incertains.<\/p>\n<p><strong>\u00a0<\/strong><\/p>\n<p><strong>Saho<\/strong><\/p>\n<p><strong>\u00a0<\/strong><\/p>\n<p><strong>\u00a0<\/strong><\/p>\n<p>Auteur: Le Pays<br \/>\n<a href=\"http:\/\/lepays.bf\/dialogue-et-contre-dialogue-a-cotonou\/\">Cliquez ici pour lire l&rsquo;article depuis sa source.<\/a><\/p>\n","protected":false},"excerpt":{"rendered":"<p>Alors que depuis le 9 octobre dernier, 9 formations politiques choisies pour leur conformit\u00e9 avec la nouvelle charte des partis politiques, sont en conclave \u00e0 Cotonou dans le cadre du dialogue politique promis depuis le 20 mai dernier par le chef de l\u2019Etat b\u00e9ninois, Patrice Talon, il s\u2019est ouvert parall\u00e8lement, le m\u00eame jour, sous l\u2019\u00e9gide [&hellip;]<\/p>\n","protected":false},"author":1813,"featured_media":0,"comment_status":"closed","ping_status":"closed","sticky":false,"template":"","format":"standard","meta":{"fifu_image_url":"","fifu_image_alt":"","footnotes":""},"categories":[73,81],"tags":[],"class_list":["post-64007","post","type-post","status-publish","format-standard","hentry","category-actualite","category-burkina-faso"],"_links":{"self":[{"href":"https:\/\/linitiative.ca\/International\/wp-json\/wp\/v2\/posts\/64007","targetHints":{"allow":["GET"]}}],"collection":[{"href":"https:\/\/linitiative.ca\/International\/wp-json\/wp\/v2\/posts"}],"about":[{"href":"https:\/\/linitiative.ca\/International\/wp-json\/wp\/v2\/types\/post"}],"author":[{"embeddable":true,"href":"https:\/\/linitiative.ca\/International\/wp-json\/wp\/v2\/users\/1813"}],"replies":[{"embeddable":true,"href":"https:\/\/linitiative.ca\/International\/wp-json\/wp\/v2\/comments?post=64007"}],"version-history":[{"count":0,"href":"https:\/\/linitiative.ca\/International\/wp-json\/wp\/v2\/posts\/64007\/revisions"}],"wp:attachment":[{"href":"https:\/\/linitiative.ca\/International\/wp-json\/wp\/v2\/media?parent=64007"}],"wp:term":[{"taxonomy":"category","embeddable":true,"href":"https:\/\/linitiative.ca\/International\/wp-json\/wp\/v2\/categories?post=64007"},{"taxonomy":"post_tag","embeddable":true,"href":"https:\/\/linitiative.ca\/International\/wp-json\/wp\/v2\/tags?post=64007"}],"curies":[{"name":"wp","href":"https:\/\/api.w.org\/{rel}","templated":true}]}}