{"id":64008,"date":"2019-10-10T16:56:33","date_gmt":"2019-10-10T20:56:33","guid":{"rendered":"https:\/\/linitiative.ca\/International\/second-tour-de-la-presidentielle-tunisienne\/"},"modified":"2019-10-10T16:56:33","modified_gmt":"2019-10-10T20:56:33","slug":"second-tour-de-la-presidentielle-tunisienne","status":"publish","type":"post","link":"https:\/\/linitiative.ca\/International\/second-tour-de-la-presidentielle-tunisienne\/","title":{"rendered":"SECOND TOUR DE LA PRESIDENTIELLE TUNISIENNE"},"content":{"rendered":"<div class=\"stream-item stream-item-above-post-content\">\n<p><noscript><\/p>\n<p><a href=\"\/\/www3.smartadserver.com\/ac?jump=1&#038;nwid=2136&#038;siteid=240610&#038;pgname=rg&#038;fmtid=49046&#038;visit=m&#038;tmstp=[timestamp]&#038;out=nonrich\" target=\"_blank\" rel=\"noopener noreferrer\"><img decoding=\"async\" src=\"\/\/www3.smartadserver.com\/ac?out=nonrich&#038;nwid=2136&#038;siteid=240610&#038;pgname=rg&#038;fmtid=49046&#038;visit=m&#038;tmstp=[timestamp]\" border=\"0\" alt=\"\"\/><\/a><\/p>\n<p><\/noscript><\/div>\n<p>A quelque 72 heures du second tour de la pr\u00e9sidentielle tunisienne qui opposera, sauf changement de derni\u00e8re minute, ce dimanche 13 octobre 2019, le candidat ind\u00e9pendant et conservateur Ka\u00efs Sa\u00efed \u00e0 l\u2019homme d\u2019affaires Nabil Karoui, la Justice a d\u00e9cid\u00e9 d\u2019\u00e9largir le second cit\u00e9 qui \u00e9tait en d\u00e9tention pr\u00e9ventive depuis le 23 ao\u00fbt dernier pour des soup\u00e7ons de fraude fiscale et de blanchiment d\u2019argent, dans une affaire judiciaire qui date de 2017. Mais au-del\u00e0 de la question de savoir si l\u2019agenda \u00e9lectoral sera maintenu ou s\u2019il conna\u00eetra une modification, l\u2019une des\u00a0 cons\u00e9quences directes de cette lib\u00e9ration \u00e0 la veille du scrutin, est que c\u2019est en homme libre que le magnat des m\u00e9dias se pr\u00e9sentera aux urnes ce dimanche, pour le round de v\u00e9rit\u00e9 avec son challenger.\u00a0 Mieux, cet \u00e9largissement du candidat du parti <em>Qalb Toun\u00e8s<\/em> arriv\u00e9 en deuxi\u00e8me position aux l\u00e9gislatives de la semaine derni\u00e8re, permet de r\u00e9tablir l\u2019\u00e9galit\u00e9 de chances entre les candidats. Pour autant, cela modifiera-t-il fondamentalement la donne de ces \u00e9lections ou faut-il se convaincre que les jeux sont d\u00e9j\u00e0 faits\u00a0? Bien malin qui pourrait r\u00e9pondre \u00e0 cette question. \u00a0En attendant, cette d\u00e9cision de la Justice tunisienne, pour surprenante qu\u2019elle puisse para\u00eetre apr\u00e8s les rejets successifs des demandes r\u00e9p\u00e9t\u00e9es de mise en libert\u00e9 introduites par les avocats du pr\u00e9venu, ne manque pas de pertinence ni de courage et m\u00e9rite d\u2019\u00eatre salu\u00e9e \u00e0 sa juste valeur. Car, le maintien en d\u00e9tention de ce candidat qui avait r\u00e9ussi le tour de force de se hisser au second tour de cette pr\u00e9sidentielle malgr\u00e9 les conditions carc\u00e9rales dans lesquelles il s\u2019\u00e9tait retrouv\u00e9, commen\u00e7aient \u00e0 g\u00eaner v\u00e9ritablement aux entournures au-del\u00e0 m\u00eame du cercle de ses partisans, au point que des voix et pas des moindres comme celle de l\u2019Union europ\u00e9enne, s\u2019\u00e9taient \u00e9lev\u00e9es pour demander sa lib\u00e9ration. M\u00eame son challenger y \u00e9tait all\u00e9 de son empathie en prenant l\u2019option de mettre en berne sa propre campagne pour ne pas fausser l\u2019\u00e9quilibre du d\u00e9bat.<\/p>\n<p><strong>Avec ces deux personnalit\u00e9s aux profils bien diff\u00e9rents, c\u2019est peut de dire que la Tunisie joue son destin<\/strong><\/p>\n<p><strong>\u00a0<\/strong><\/p>\n<p><strong>\u00a0<\/strong><\/p>\n<p class=\"c3\">Somme toute, un bel esprit d\u2019\u00e9quit\u00e9, qui honore la d\u00e9mocratie tunisienne. Ce geste de la Justice contribuera sans nul doute \u00e0 renforcer son image. C\u2019est dire si en d\u00e9cidant de cette lib\u00e9ration, la Justice tunisienne a fait plus qu\u2019\u0153uvre utile. Non seulement elle permet de lever les menaces sur le scrutin en coupant l\u2019herbe sous les pieds des partisans du candidat embastill\u00e9 qui n\u2019excluaient pas d\u2019attaquer le scrutin en cas de d\u00e9faite de leur porte-\u00e9tendard mais, par la m\u00eame occasion, elle se sort d\u2019une position inconfortable qui la pla\u00e7ait, \u00e0 son corps d\u00e9fendant, en obstacle de l\u2019\u00e9quit\u00e9 dans un scrutin o\u00f9 elle est pourtant appel\u00e9e \u00e0 jouer les arbitres. Toute chose qui aurait pu mettre en doute son impartialit\u00e9 et m\u00eame entacher fortement son honorabilit\u00e9. Aussi, en se d\u00e9barrassant d\u2019une patate chaude qui commen\u00e7ait \u00e0 devenir br\u00fblante dans ses mains, la Justice tunisienne r\u00e9tablit l\u2019\u00e9galit\u00e9 de chances \u00a0des candidats qui peuvent d\u00e9sormais s\u2019affronter \u00e0 armes \u00e9gales dans les urnes. La balle est donc d\u00e9sormais dans le camp des candidats et des \u00e9lecteurs. \u00a0Il appartient aux Tunisiens de faire le bon choix. Car, avec ces deux personnalit\u00e9s aux profils bien diff\u00e9rents, c\u2019est peut de dire que la Tunisie joue son destin. En effet, entre l\u2019aust\u00e9rit\u00e9 du constitutionnaliste et conservateur Ka\u00efs Sa\u00efed et l\u2019exub\u00e9rance caritative teint\u00e9e de populisme de l\u2019homme d\u2019affaires Nabil Karoui, c\u2019est \u00e0 un v\u00e9ritable choix\u00a0 de gouvernance que les Tunisiens seront appel\u00e9s ce dimanche. C\u2019est pourquoi le scrutin de ce 13 octobre rev\u00eat une importance capitale qui devrait inciter\u00a0 une forte participation des \u00e9lecteurs. D\u2019autant qu\u2019avec les l\u00e9gislatives qui viennent de livrer leur verdict et qui verront l\u2019arriv\u00e9e de nouvelles figures \u00e0 la Repr\u00e9sentation nationale, c\u2019est \u00e0 une v\u00e9ritable redistribution des cartes que l\u2019on assiste sur la sc\u00e8ne politique tunisienne qui voit l\u2019entr\u00e9e en force, au Parlement, du parti de Nabil Karoui qui s\u2019en sort avec une quarantaine de si\u00e8ges, \u00e0 quelques longueurs du parti islamiste, Ennahdah, arriv\u00e9 en t\u00eate avec 52 \u00e9lus, mais qui est en net recul par rapport \u00e0 la pr\u00e9c\u00e9dente l\u00e9gislature o\u00f9 il comptait pr\u00e8s de 70 d\u00e9put\u00e9s. Enfin, la forte repr\u00e9sentativit\u00e9 des d\u00e9put\u00e9s ind\u00e9pendants et le maigre score du parti au pouvoir sortant, Nidaa Toun\u00e8s qui ne s\u2019en sort qu\u2019avec 3 \u00ab\u00a0<em>petits\u00a0<\/em>\u00bb d\u00e9put\u00e9s l\u00e0 o\u00f9 il en comptait auparavant plus de 80, traduisent non seulement la soif de changement des Tunisiens qui ne cachent plus leur d\u00e9saffection par rapport \u00e0 l\u2019ancienne classe dirigeante, mais finissent aussi de convaincre que depuis les \u00e9v\u00e9nements de 2011 qui ont vu la chute du dictateur Ben Ali r\u00e9cemment d\u00e9c\u00e9d\u00e9 en exil, la Tunisie est toujours \u00e0 la recherche de ses marques. C\u2019est dire s\u2019il y aura un avant et un apr\u00e8s Essebsi.\u00a0 En tout \u00e9tat de cause, en se pr\u00e9sentant en homme libre \u00e0 cet ultime round du scrutin, Nabil Karoui est un pr\u00e9sident potentiel. Pour certains, la voie du palais de Carthage lui est m\u00eame d\u00e9j\u00e0 toute trac\u00e9e, avec le retentissement de cette affaire politico-judiciaire qui a fini d\u2019en faire un martyr aux yeux d\u2019une certaine opinion. Mais s\u2019il\u00a0 venait \u00e0 \u00eatre \u00e9lu, l\u2019on est fond\u00e9 \u00e0 croire qu\u2019il sera condamn\u00e9 \u00e0 une gouvernance vertueuse car, le plus grand d\u00e9fi qui se pr\u00e9sente d\u2019ores et d\u00e9j\u00e0 \u00e0 lui, c\u2019est de travailler pour que l\u2019histoire ne donne pas raison \u00e0 la Justice de son pays qui est d\u00e9j\u00e0 \u00e0 ses trousses. C\u2019est dire si Karoui n\u2019a pas droit \u00e0 l\u2019erreur, ni aujourd\u2019hui, ni demain.<\/p>\n<p class=\"c3\"><em>\u00a0<\/em><\/p>\n<p><strong>Out\u00e9l\u00e9 KEITA<\/strong><\/p>\n<p><strong>\u00a0<\/strong><\/p>\n<p>Auteur: Le Pays<br \/>\n<a href=\"http:\/\/lepays.bf\/second-tour-de-la-presidentielle-tunisienne\/\">Cliquez ici pour lire l&rsquo;article depuis sa source.<\/a><\/p>\n","protected":false},"excerpt":{"rendered":"<p>A quelque 72 heures du second tour de la pr\u00e9sidentielle tunisienne qui opposera, sauf changement de derni\u00e8re minute, ce dimanche 13 octobre 2019, le candidat ind\u00e9pendant et conservateur Ka\u00efs Sa\u00efed \u00e0 l\u2019homme d\u2019affaires Nabil Karoui, la Justice a d\u00e9cid\u00e9 d\u2019\u00e9largir le second cit\u00e9 qui \u00e9tait en d\u00e9tention pr\u00e9ventive depuis le 23 ao\u00fbt dernier pour des [&hellip;]<\/p>\n","protected":false},"author":1813,"featured_media":0,"comment_status":"closed","ping_status":"closed","sticky":false,"template":"","format":"standard","meta":{"fifu_image_url":"","fifu_image_alt":"","footnotes":""},"categories":[73,81],"tags":[],"class_list":["post-64008","post","type-post","status-publish","format-standard","hentry","category-actualite","category-burkina-faso"],"_links":{"self":[{"href":"https:\/\/linitiative.ca\/International\/wp-json\/wp\/v2\/posts\/64008","targetHints":{"allow":["GET"]}}],"collection":[{"href":"https:\/\/linitiative.ca\/International\/wp-json\/wp\/v2\/posts"}],"about":[{"href":"https:\/\/linitiative.ca\/International\/wp-json\/wp\/v2\/types\/post"}],"author":[{"embeddable":true,"href":"https:\/\/linitiative.ca\/International\/wp-json\/wp\/v2\/users\/1813"}],"replies":[{"embeddable":true,"href":"https:\/\/linitiative.ca\/International\/wp-json\/wp\/v2\/comments?post=64008"}],"version-history":[{"count":0,"href":"https:\/\/linitiative.ca\/International\/wp-json\/wp\/v2\/posts\/64008\/revisions"}],"wp:attachment":[{"href":"https:\/\/linitiative.ca\/International\/wp-json\/wp\/v2\/media?parent=64008"}],"wp:term":[{"taxonomy":"category","embeddable":true,"href":"https:\/\/linitiative.ca\/International\/wp-json\/wp\/v2\/categories?post=64008"},{"taxonomy":"post_tag","embeddable":true,"href":"https:\/\/linitiative.ca\/International\/wp-json\/wp\/v2\/tags?post=64008"}],"curies":[{"name":"wp","href":"https:\/\/api.w.org\/{rel}","templated":true}]}}