{"id":64009,"date":"2019-10-10T03:35:52","date_gmt":"2019-10-10T07:35:52","guid":{"rendered":"https:\/\/linitiative.ca\/International\/christophe-joseph-marie-dabire-a-la-diaspora-burkinabe-en-belgique\/"},"modified":"2019-10-10T03:35:52","modified_gmt":"2019-10-10T07:35:52","slug":"christophe-joseph-marie-dabire-a-la-diaspora-burkinabe-en-belgique","status":"publish","type":"post","link":"https:\/\/linitiative.ca\/International\/christophe-joseph-marie-dabire-a-la-diaspora-burkinabe-en-belgique\/","title":{"rendered":"Christophe Joseph Marie Dabir\u00e9 \u00e0 la diaspora burkinab\u00e8 en Belgique\u00a0"},"content":{"rendered":"<div class=\"td-post-featured-image\"><a href=\"https:\/\/i0.wp.com\/www.sidwaya.info\/wp-content\/uploads\/2019\/10\/ChristophD.gif?fit=787%2C466&#038;ssl=1\" data-caption=\"\"><img loading=\"lazy\" decoding=\"async\" width=\"696\" height=\"412\" class=\"entry-thumb td-modal-image\" src=\"https:\/\/i0.wp.com\/www.sidwaya.info\/wp-content\/uploads\/2019\/10\/ChristophD.gif?resize=696%2C412&#038;ssl=1\" alt=\"\" title=\"ChristophD\"\/><\/a><\/div>\n<p><strong>A la faveur du 6e Rebranding Africa forum (RAF), le chef du gouvernement, Christophe Joseph Marie Dabir\u00e9, a \u00e9chang\u00e9 le dimanche 6 octobre 2019, \u00e0 Bruxelles, avec ses compatriotes vivant dans la juridiction de l\u2019Ambassade de Belgique. La situation nationale et les difficult\u00e9s de la diaspora \u00e9taient au c\u0153ur des \u00e9changes.<\/strong><\/p>\n<p>L\u2019ins\u00e9curit\u00e9 au Burkina Faso pr\u00e9occupe la diaspora de la juridiction de Belgique. Elle a exprim\u00e9 ses inqui\u00e9tudes au Premier ministre, Christophe Joseph Marie Dabir\u00e9, dimanche 6 octobre 2019, dans l\u2019apr\u00e8s-midi, \u00e0 Bruxelles. Nombre de compatriotes ont d\u00e9plor\u00e9 la d\u00e9gradation continue de la situation s\u00e9curitaire, avec son corollaire de d\u00e9plac\u00e9s internes. Ils ont voulu savoir ce que fait l\u2019ex\u00e9cutif pour endiguer la n\u00e9buleuse. Face \u00e0 ses compatriotes, Christophe Joseph Marie Dabir\u00e9 a livr\u00e9 un message d\u2019espoir teint\u00e9 de \u00abv\u00e9rit\u00e9s\u00bb sur l\u2019actualit\u00e9 nationale. \u00abLa situation nationale est difficile\u00bb, a-t-il admis. Toutefois, il a rassur\u00e9 l\u2019assistance que des efforts sont fournis pour \u00e9quiper et former les soldats. Il a fait savoir que les Forces de d\u00e9fense et de s\u00e9curit\u00e9 (FDS) font face avec bravoure aux djihadistes. Aujourd\u2019hui, la tendance doit \u00eatre \u00e0 l\u2019union sacr\u00e9e autour des FDS, sur le champ de bataille. Dans le contexte actuel d\u2019ins\u00e9curit\u00e9, il a appel\u00e9 la diaspora \u00e0 se d\u00e9partir des \u00abmessages n\u00e9gatifs\u00bb et des clivages politiques. Les Burkinab\u00e8 continuent de vivre sur leur territoire malgr\u00e9 l\u2019adversit\u00e9. \u00abIl faut faire en sorte que l\u2019espoir renaisse au sein des populations (\u2026). Nous devons donc soutenir, aider et encourager nos FDS qui font un excellent travail. C\u2019est ensemble que nous allons repousser le terrorisme hors de nos fronti\u00e8res\u00bb, a fait noter le chef du gouvernement. Selon lui, les attaques terroristes auxquelles font face le Burkina Faso n\u00e9cessitent une \u00abr\u00e9ponse internationale\u00bb. C\u2019est en cela que le G5 Sahel est une alternative cr\u00e9dible.\u00a0\u00abM\u00eame si nous avons l\u2019une des meilleures arm\u00e9es de l\u2019Afrique, tout seul, nous ne pourrons pas lutter contre le terrorisme\u00bb, a indiqu\u00e9 le chef du gouvernement. L\u2019autre sujet qui a fait l\u2019objet d\u2019\u00e9clairage, ce sont les grognes sociales, notamment dans le secteur de la sant\u00e9. Christophe Joseph Marie Dabir\u00e9 ont soutenu que les gouvernements successifs a pris plusieurs engagements vis-\u00e0-vis des travailleurs du public depuis 2019 et qui n\u2019ont pas encore \u00e9t\u00e9 respect\u00e9s. C\u2019est pourquoi, a-t-il d\u00e9clar\u00e9, son \u00e9quipe a appel\u00e9 les syndicats au dialogue. \u00abNous attendons qu\u2019ils reviennent \u00e0 la table des n\u00e9gociations\u00bb, a soutenu le Premier ministre. Pour ce qui est de la gr\u00e8ve du SYNTSHA, il a indiqu\u00e9 que le processus de transformation de la fonction publique hospitali\u00e8re est achev\u00e9. C\u2019est le mouvement d\u2019humeur des gestionnaires des ressources humaines qui retarde le paiement des agents. Toutefois, le chef du gouvernement s\u2019est voulu ferme\u00a0: \u00abNous sommes pour l\u2019apurement du passif, mais nous n\u2019accepterons plus de nouvelles revendications\u00bb. En outre, le Burkina doit organiser des \u00e9lections en 2020. Il a l\u2019obligation aussi, a poursuivi Christophe Joseph Marie Dabir\u00e9, de relever le d\u00e9fi du d\u00e9veloppement, \u00e0 travers des investissements dans le Sahel et le Nord, afin de restaurer l\u2019Etat.<\/p>\n<p>\u00abVous devez vous montrer exemplaires\u00bb<\/p>\n<p>Les Burkinab\u00e8 de la juridiction de l\u2019ambassade de Belgique sont confront\u00e9s \u00e0 des probl\u00e8mes d\u2019ordre administratif li\u00e9s surtout \u00e0 l\u2019acc\u00e8s aux documents d\u2019identification, les passeports et cartes nationales d\u2019identit\u00e9 en l\u2019occurrence. Le ministre en charge des Burkinab\u00e8 de l\u2019ext\u00e9rieur, Robert Tiendr\u00e9b\u00e9ogo et l\u2019ambassadrice du Burkina en poste \u00e0 Bruxelles, Jacqueline Marie Zaba, ont rassur\u00e9 les uns et les autres que des dispositions sont en train d\u2019\u00eatre prises pour all\u00e9ger les conditions d\u2019acc\u00e8s auxdits documents. Nombre d\u2019entre eux ont \u00e9galement eu des probl\u00e8mes de fonciers. \u00abNous nous sommes assez fait arnaquer pour des histoires de parcelles\u00bb, a l\u00e2ch\u00e9 l\u2019un d\u2019eux. Le ministre Tiendr\u00e9b\u00e9ogo a soutenu que c\u2019est pourquoi le gouvernement leur a d\u00e9di\u00e9 un espace pour l\u2019\u00e9rection de \u00abCit\u00e9 de la diaspora\u00bb et aussi a mis en place un programme de 40\u00a0000 logements auxquels ils peuvent souscrire. La d\u00e9l\u00e9gu\u00e9e du Conseil sup\u00e9rieur des Burkinab\u00e8 de l\u2019ext\u00e9rieur pour la Belgique et le Luxembourg, Nad\u00e8ge Ilboudo, a salu\u00e9 le format des \u00e9changes \u00e0 b\u00e2tons rompus, ce qui a permis \u00e0 toutes les opinions de s\u2019exprimer. Elle s\u2019est dit satisfaite des r\u00e9ponses et propositions de solutions apport\u00e9es aux probl\u00e8mes. Toutefois, le pr\u00e9sident de l\u2019Association des Burkinab\u00e8 de Belgique, Daouda Sanon, a plaid\u00e9 pour la \u00abMaison du Burkina Faso\u00bb \u00e0 Bruxelles. A l\u2019issue de la rencontre, le chef du gouvernement s\u2019est r\u00e9joui des observations et critiques formul\u00e9es sur la gouvernance et a dit prendre bonne note. Christophe Joseph Marie Dabir\u00e9 a appel\u00e9 ses compatriotes \u00e0 \u00eatre solidaires, unis et respectueux des lois des diff\u00e9rents pays d\u2019accueil. \u00abChacun de vous est un ambassadeur du Burkina Faso et vous devez vous montrer exemplaires, travailleurs et d\u00e9fendre votre pays, l\u00e0 o\u00f9 vous \u00eates\u00bb, a-t-il lanc\u00e9. La circonscription diplomatique de Belgique regroupe la Belgique, la Grande Bretagne, les Pays- Bas, le Grand-Duch\u00e9 de Luxembourg, l\u2019Irlande et l\u2019Irlande du Nord. Environ 2000 Burkinab\u00e8 y vivent et \u00e9voluent dans plusieurs secteurs d\u2019activit\u00e9s dont l\u2019enseignement, les \u00e9tudes sup\u00e9rieures, la sant\u00e9, le commerce\u2026<\/p>\n<p>Djakaridia SIRIBIE<br \/>De retour de Bruxelles<br \/>(Belgique)<\/p>\n<div class=\"td-a-rec td-a-rec-id-content_bottom td_uid_30_5d9fa44fd2e7d_rand td_block_template_1\"><img loading=\"lazy\" decoding=\"async\" class=\"aligncenter size-full wp-image-9623\" src=\"https:\/\/www.sidwaya.info\/wp-content\/uploads\/2019\/06\/Projet-bannie%CC%80re-Orange-mobile.jpg\" alt=\"\" width=\"728\" height=\"81\"\/><\/div>\n<p>Auteur: BM. Sidwaya<br \/>\n<a href=\"https:\/\/www.sidwaya.info\/blog\/2019\/10\/10\/christophe-joseph-marie-dabire-a-la-diaspora-burkinabe-en-belgique\/\">Cliquez ici pour lire l&rsquo;article depuis sa source.<\/a><\/p>\n","protected":false},"excerpt":{"rendered":"<p>A la faveur du 6e Rebranding Africa forum (RAF), le chef du gouvernement, Christophe Joseph Marie Dabir\u00e9, a \u00e9chang\u00e9 le dimanche 6 octobre 2019, \u00e0 Bruxelles, avec ses compatriotes vivant dans la juridiction de l\u2019Ambassade de Belgique. La situation nationale et les difficult\u00e9s de la diaspora \u00e9taient au c\u0153ur des \u00e9changes. L\u2019ins\u00e9curit\u00e9 au Burkina Faso [&hellip;]<\/p>\n","protected":false},"author":1816,"featured_media":0,"comment_status":"closed","ping_status":"closed","sticky":false,"template":"","format":"standard","meta":{"fifu_image_url":"","fifu_image_alt":"","footnotes":""},"categories":[73,81],"tags":[],"class_list":["post-64009","post","type-post","status-publish","format-standard","hentry","category-actualite","category-burkina-faso"],"_links":{"self":[{"href":"https:\/\/linitiative.ca\/International\/wp-json\/wp\/v2\/posts\/64009","targetHints":{"allow":["GET"]}}],"collection":[{"href":"https:\/\/linitiative.ca\/International\/wp-json\/wp\/v2\/posts"}],"about":[{"href":"https:\/\/linitiative.ca\/International\/wp-json\/wp\/v2\/types\/post"}],"author":[{"embeddable":true,"href":"https:\/\/linitiative.ca\/International\/wp-json\/wp\/v2\/users\/1816"}],"replies":[{"embeddable":true,"href":"https:\/\/linitiative.ca\/International\/wp-json\/wp\/v2\/comments?post=64009"}],"version-history":[{"count":0,"href":"https:\/\/linitiative.ca\/International\/wp-json\/wp\/v2\/posts\/64009\/revisions"}],"wp:attachment":[{"href":"https:\/\/linitiative.ca\/International\/wp-json\/wp\/v2\/media?parent=64009"}],"wp:term":[{"taxonomy":"category","embeddable":true,"href":"https:\/\/linitiative.ca\/International\/wp-json\/wp\/v2\/categories?post=64009"},{"taxonomy":"post_tag","embeddable":true,"href":"https:\/\/linitiative.ca\/International\/wp-json\/wp\/v2\/tags?post=64009"}],"curies":[{"name":"wp","href":"https:\/\/api.w.org\/{rel}","templated":true}]}}