{"id":64010,"date":"2019-10-10T03:41:07","date_gmt":"2019-10-10T07:41:07","guid":{"rendered":"https:\/\/linitiative.ca\/International\/ecole-nationale-des-regies-financieres-la-promotion-defi-operationnelle\/"},"modified":"2019-10-10T03:41:07","modified_gmt":"2019-10-10T07:41:07","slug":"ecole-nationale-des-regies-financieres-la-promotion-defi-operationnelle","status":"publish","type":"post","link":"https:\/\/linitiative.ca\/International\/ecole-nationale-des-regies-financieres-la-promotion-defi-operationnelle\/","title":{"rendered":"Ecole nationale des r\u00e9gies financi\u00e8res La promotion, \u00ab D\u00e9fi \u00bb op\u00e9rationnelle"},"content":{"rendered":"<div class=\"td-post-featured-image\"><a href=\"https:\/\/i2.wp.com\/www.sidwaya.info\/wp-content\/uploads\/2019\/10\/enarf.gif?fit=787%2C441&#038;ssl=1\" data-caption=\"\"><img loading=\"lazy\" decoding=\"async\" width=\"696\" height=\"390\" class=\"entry-thumb td-modal-image\" src=\"https:\/\/i2.wp.com\/www.sidwaya.info\/wp-content\/uploads\/2019\/10\/enarf.gif?resize=696%2C390&#038;ssl=1\" alt=\"\" title=\"enarf\"\/><\/a><\/div>\n<p><strong>L\u2019Ecole nationale des r\u00e9gies financi\u00e8res (ENAREF) a clos les activit\u00e9s de son ann\u00e9e acad\u00e9mique 2018-2019, le vendredi 4 octobre 2019 \u00e0 Ouagadougou, avec la sortie de la 30e promotion. Compos\u00e9e de 377 imp\u00e9trants, la promotion, parrain\u00e9e par le ministre des Affaires \u00e9trang\u00e8res et de la Coop\u00e9ration, Alpha Barry, a pris pour nom de bapt\u00eame \u00abd\u00e9fi\u00bb .<\/strong><\/p>\n<p>Apr\u00e8s deux ann\u00e9es de formation pour certains et trois pour d\u2019autres, 377 \u00e9l\u00e8ves de l\u2019Ecole nationale des r\u00e9gies financi\u00e8res (ENAREF) viennent de recevoir leurs parchemins. Baptis\u00e9e \u00ab D\u00e9fi \u00bb, cette promotion qui regroupe plusieurs nationalit\u00e9s, a effectu\u00e9 sa sortie officielle le vendredi 4 octobre 2019 dans l\u2019enceinte de l\u2019\u00e9tablissement \u00e0 Ouagadougou. Elle est compos\u00e9e des fili\u00e8res comptabilit\u00e9, finance, fiscalit\u00e9, statistique, \u00e9conomie et d\u00e9veloppement, d\u2019am\u00e9nagement du territoire. Plac\u00e9e sous le th\u00e8me \u00ab Place et r\u00f4le des sortants dans l\u2019am\u00e9lioration des performances du MINEFID \u00bb, la c\u00e9r\u00e9monie avait pour parrain, le ministre des Affaires \u00e9trang\u00e8res et de la Coop\u00e9ration, Alpha Barry et pour coparrains, Appolinaire Compaor\u00e9, PDG de Wendkuni Bank international et Malicka Yugo\/S\u00e9r\u00e9, directrice g\u00e9n\u00e9rale de la G\u00e9n\u00e9rale de la gastronomie. \u00ab Nous sommes pr\u00eats \u00e0 servir notre pays et aller au front pour la mise en \u0153uvre des reformes du minist\u00e8re en charge de l\u2019\u00e9conomie \u00bb, a affirm\u00e9 le d\u00e9l\u00e9gu\u00e9 g\u00e9n\u00e9ral de la promotion, Oui Dioma. Pour lui, le th\u00e8me choisi est interpellateur et \u00e0 cet effet, il a appel\u00e9 ses promotionnaires \u00e0 s\u2019engager \u00e0 l\u2019ouvrage pour le d\u00e9veloppement du Burkina Faso. Le directeur g\u00e9n\u00e9ral de l\u2019ENAREF, Adama Badolo, a indiqu\u00e9 que le choix des parrains se justifie par la volont\u00e9 des laur\u00e9ats \u00e0 se mettre sous l\u2019\u00e9clairage professionnel et moral de leurs mentors, \u00e0 suivre leur exemple. \u00ab Je vous invite \u00e0 cultiver les vertus du financier que sont l\u2019\u00e9thique, l\u2019honneur, l\u2019int\u00e9grit\u00e9, la justice, la courtoisie, la ma\u00eetrise de soi et le respect des lois de la r\u00e9publique. La t\u00e2che qui vous attend est noble et vous n\u2019avez pas le droit de trahir le peuple que vous devrez servir \u00bb, a lanc\u00e9 Adama Badolo aux sortants. Alpha Barry a, dans la m\u00eame logique, dit compter sur la promotion \u00ab D\u00e9fi \u00bb au regard de la qualit\u00e9 de la formation re\u00e7ue. A l\u2019\u00e9couter, le Burkina Faso a un d\u00e9fi s\u00e9curitaire \u00e0 relever et la contribution de tous est sollicit\u00e9e. \u00ab Pour cela, il nous faut des moyens et vous \u00eates au c\u0153ur de la mobilisation des ressources \u00bb, a-t-il ajout\u00e9. Faisant r\u00e9f\u00e9rence au mouvement d\u2019humeur que les agents du minist\u00e8re de l\u2019Economie, des Finances et du D\u00e9veloppement, ont observ\u00e9 au premier semestre de l\u2019ann\u00e9e, il a invit\u00e9 les imp\u00e9trants \u00ab \u00e0 relever le d\u00e9fi du r\u00e9seau \u00bb. \u00ab Celui-ci doit \u00eatre fluide et continu parce que nous avons beaucoup souffert au cours de cette ann\u00e9e. Le gouvernement se bat pour l\u2019am\u00e9lioration des conditions de travail et je vous invite \u00e0 privil\u00e9gier le dialogue \u00bb, a laiss\u00e9 entendre le parrain Barry.<br \/>La ministre d\u00e9l\u00e9gu\u00e9e aupr\u00e8s du minist\u00e8re de l\u2019Economie, des Finances et du D\u00e9veloppement, charg\u00e9 du Budget, Edith Cl\u00e9mence Yaka a, pour sa part, appel\u00e9 les stagiaires \u00e0 une pratique vertueuse de leur m\u00e9tier par le respect des principes et des r\u00e8gles d\u2019\u00e9thique et d\u00e9ontologique de la profession. \u00ab Gardez \u00e0 l\u2019esprit que vos valeurs intrins\u00e8ques doivent \u00e9clore dans la vertu. Ne vous complaignez pas dans la routine mais soyez au contraire passionn\u00e9 \u00e0 ce que vous faites en prenant la pleine mesure de votre responsabilit\u00e9 que vous assumerez avec fiert\u00e9, loyaut\u00e9 et d\u00e9vouement. Allez au-del\u00e0 du dipl\u00f4me pour vous distinguer sur le plan professionnel \u00bb, a rench\u00e9ri Edith Cl\u00e9mence Yaka. Selon elle, le plus important pour les sortants, c\u2019est ce que les populations attendent d\u2019eux, d\u2019o\u00f9 la pertinence du nom de bapt\u00eame. Vous avez choisi, a-t-elle insist\u00e9, et vous devez assumer ce nom.<\/p>\n<p>Joseph HARO<\/p>\n<div class=\"td-a-rec td-a-rec-id-content_bottom td_uid_30_5d9fa58171d37_rand td_block_template_1\"><img loading=\"lazy\" decoding=\"async\" class=\"aligncenter size-full wp-image-9623\" src=\"https:\/\/www.sidwaya.info\/wp-content\/uploads\/2019\/06\/Projet-bannie%CC%80re-Orange-mobile.jpg\" alt=\"\" width=\"728\" height=\"81\"\/><\/div>\n<p>Auteur: BM. Sidwaya<br \/>\n<a href=\"https:\/\/www.sidwaya.info\/blog\/2019\/10\/10\/ecole-nationale-des-regies-financieres-la-promotion-defi-operationnelle\/\">Cliquez ici pour lire l&rsquo;article depuis sa source.<\/a><\/p>\n","protected":false},"excerpt":{"rendered":"<p>L\u2019Ecole nationale des r\u00e9gies financi\u00e8res (ENAREF) a clos les activit\u00e9s de son ann\u00e9e acad\u00e9mique 2018-2019, le vendredi 4 octobre 2019 \u00e0 Ouagadougou, avec la sortie de la 30e promotion. Compos\u00e9e de 377 imp\u00e9trants, la promotion, parrain\u00e9e par le ministre des Affaires \u00e9trang\u00e8res et de la Coop\u00e9ration, Alpha Barry, a pris pour nom de bapt\u00eame \u00abd\u00e9fi\u00bb [&hellip;]<\/p>\n","protected":false},"author":1816,"featured_media":0,"comment_status":"closed","ping_status":"closed","sticky":false,"template":"","format":"standard","meta":{"fifu_image_url":"","fifu_image_alt":"","footnotes":""},"categories":[73,81],"tags":[],"class_list":["post-64010","post","type-post","status-publish","format-standard","hentry","category-actualite","category-burkina-faso"],"_links":{"self":[{"href":"https:\/\/linitiative.ca\/International\/wp-json\/wp\/v2\/posts\/64010","targetHints":{"allow":["GET"]}}],"collection":[{"href":"https:\/\/linitiative.ca\/International\/wp-json\/wp\/v2\/posts"}],"about":[{"href":"https:\/\/linitiative.ca\/International\/wp-json\/wp\/v2\/types\/post"}],"author":[{"embeddable":true,"href":"https:\/\/linitiative.ca\/International\/wp-json\/wp\/v2\/users\/1816"}],"replies":[{"embeddable":true,"href":"https:\/\/linitiative.ca\/International\/wp-json\/wp\/v2\/comments?post=64010"}],"version-history":[{"count":0,"href":"https:\/\/linitiative.ca\/International\/wp-json\/wp\/v2\/posts\/64010\/revisions"}],"wp:attachment":[{"href":"https:\/\/linitiative.ca\/International\/wp-json\/wp\/v2\/media?parent=64010"}],"wp:term":[{"taxonomy":"category","embeddable":true,"href":"https:\/\/linitiative.ca\/International\/wp-json\/wp\/v2\/categories?post=64010"},{"taxonomy":"post_tag","embeddable":true,"href":"https:\/\/linitiative.ca\/International\/wp-json\/wp\/v2\/tags?post=64010"}],"curies":[{"name":"wp","href":"https:\/\/api.w.org\/{rel}","templated":true}]}}