{"id":64011,"date":"2019-10-10T03:50:36","date_gmt":"2019-10-10T07:50:36","guid":{"rendered":"https:\/\/linitiative.ca\/International\/fonds-pour-lalphabetisation-et-leducation-non-formelle\/"},"modified":"2019-10-10T03:50:36","modified_gmt":"2019-10-10T07:50:36","slug":"fonds-pour-lalphabetisation-et-leducation-non-formelle","status":"publish","type":"post","link":"https:\/\/linitiative.ca\/International\/fonds-pour-lalphabetisation-et-leducation-non-formelle\/","title":{"rendered":"Fonds pour l\u2019alphab\u00e9tisation et l\u2019\u00e9ducation non formelle"},"content":{"rendered":"<div class=\"td-post-featured-image\"><a href=\"https:\/\/i0.wp.com\/www.sidwaya.info\/wp-content\/uploads\/2019\/10\/dgfonaenf-1.gif?fit=693%2C520&#038;ssl=1\" data-caption=\"\"><img loading=\"lazy\" decoding=\"async\" width=\"693\" height=\"520\" class=\"entry-thumb td-modal-image\" src=\"https:\/\/i0.wp.com\/www.sidwaya.info\/wp-content\/uploads\/2019\/10\/dgfonaenf-1.gif?resize=693%2C520&#038;ssl=1\" alt=\"\" title=\"dgfonaenf\"\/><\/a><\/div>\n<p><strong>Apr\u00e8s un atelier d\u2019\u00e9laboration des outils et de leur pr\u00e9validation, le Fonds pour l\u2019Alphab\u00e9tisation et l\u2019Education Non Formelle (FONAENF) a pr\u00e9vu des sessions de communication, d\u2019information et de formation sur ces outils en vue de permettre aux collectivit\u00e9s et aux structures identifi\u00e9es pour la phase pilote de cet appui du FONAENF de se les approprier. Le lancement de cette activit\u00e9 a eu lieu le 25 septembre 2019 \u00e0 Manga.<\/strong><\/p>\n<p>L\u2019objectif de l\u2019atelier, dans un premier temps, est de partager le contenu des diff\u00e9rents outils d\u2019appui du FONAENF \u00e0 la d\u00e9centralisation avec les participants pour les informer du processus de cet appui, de leurs r\u00f4les dans la mise en \u0153uvre de ce processus et recueillir leurs contributions dans la finalisation de ces outils.<br \/>Dans un deuxi\u00e8me temps, il s\u2019agira de former les membres titulaires des comit\u00e9s communaux et r\u00e9gionaux de financement \u00e0 l\u2019utilisation des outils d\u2019analyse et de s\u00e9lection des dossiers de requ\u00eate des op\u00e9rateurs d\u2019alphab\u00e9tisation.<br \/>En rappel, la mise en \u0153uvre de la strat\u00e9gie du faire-faire adopt\u00e9e par le gouvernement et les partenaires de la soci\u00e9t\u00e9 civile lors du premier forum de septembre 1999 sur l\u2019alphab\u00e9tisation a enregistr\u00e9 des progr\u00e8s notables. Sur la p\u00e9riode de 2002 \u00e0 2018, les ressources mobilis\u00e9es au titre des appuis du FONAENF ont permis de financer 5 839 requ\u00eates en faveur de l\u2019ouverture de 120 769 centres pour un cumul de 3 334 512 inscrits dont 1 130 806 d\u00e9clar\u00e9s alphab\u00e9tis\u00e9s. Ainsi, en 16 ans, le FONAENF a contribu\u00e9 \u00e0 hauteur de 79,73% \u00e0 l\u2019offre nationale d\u2019ENF, ce qui confirme son statut de principal instrument d\u2019op\u00e9rationnalisation de la politique de l\u2019Etat en mati\u00e8re d\u2019alphab\u00e9tisation et de formation des populations.<br \/>Pour le directeur g\u00e9n\u00e9ral du FONAENF, Pr Yombo Paul Diabouga, \u00ab L\u2019objectif du FONAENF est d\u2019\u0153uvrer \u00e0 \u00e9radiquer l\u2019analphab\u00e9tisme au Burkina Faso en vue de contribuer efficacement \u00e0 la construction d\u2019une soci\u00e9t\u00e9 \u00e9prise de justice et de paix o\u00f9 tous les membres, hommes et femmes concourent \u00e0 l\u2019effectivit\u00e9 des droits humains fondamentaux et \u00e0 la promotion d\u2019un d\u00e9veloppement local durable\u00bb.<br \/>Le pr\u00e9sident du conseil r\u00e9gional de la r\u00e9gion du Centre-Sud repr\u00e9sentant le gouverneur, Docteur Modeste Yerbanga, lui, est revenu sur l\u2019impact du Fonds sur le d\u00e9veloppement du capital humain appr\u00e9ciable depuis 2002 pour mettre en \u0153uvre la strat\u00e9gie du faire-faire. Il a invit\u00e9 les diff\u00e9rents acteurs \u00e0 s\u2019approprier les outils et les instances de d\u00e9cisions qui leur sont propos\u00e9s \u00e0 travers ce processus et \u00e0 faire de l\u2019alphab\u00e9tisation, une action majeure dans les programmes de d\u00e9veloppement des collectivit\u00e9s. Quant \u00e0 Alidou Bondan\u00e9, repr\u00e9sentant du maire de la commune de Manga, il s\u2019est r\u00e9joui de la vision du FONAENF qui est d\u2019associer les collectivit\u00e9s territoriales pour la mise en \u0153uvre des centres d\u2019alphab\u00e9tisation.<\/p>\n<p>Tiao Emmanuel BICABA<\/p>\n<div class=\"td-a-rec td-a-rec-id-content_bottom td_uid_30_5d9fa0294fbae_rand td_block_template_1\"><img loading=\"lazy\" decoding=\"async\" class=\"aligncenter size-full wp-image-9623\" src=\"https:\/\/www.sidwaya.info\/wp-content\/uploads\/2019\/06\/Projet-bannie%CC%80re-Orange-mobile.jpg\" alt=\"\" width=\"728\" height=\"81\"\/><\/div>\n<p>Auteur: BM. Sidwaya<br \/>\n<a href=\"https:\/\/www.sidwaya.info\/blog\/2019\/10\/10\/fonds-pour-lalphabetisation-et-leducation-non-formelle\/\">Cliquez ici pour lire l&rsquo;article depuis sa source.<\/a><\/p>\n","protected":false},"excerpt":{"rendered":"<p>Apr\u00e8s un atelier d\u2019\u00e9laboration des outils et de leur pr\u00e9validation, le Fonds pour l\u2019Alphab\u00e9tisation et l\u2019Education Non Formelle (FONAENF) a pr\u00e9vu des sessions de communication, d\u2019information et de formation sur ces outils en vue de permettre aux collectivit\u00e9s et aux structures identifi\u00e9es pour la phase pilote de cet appui du FONAENF de se les approprier. [&hellip;]<\/p>\n","protected":false},"author":1816,"featured_media":0,"comment_status":"closed","ping_status":"closed","sticky":false,"template":"","format":"standard","meta":{"fifu_image_url":"","fifu_image_alt":"","footnotes":""},"categories":[73,81],"tags":[],"class_list":["post-64011","post","type-post","status-publish","format-standard","hentry","category-actualite","category-burkina-faso"],"_links":{"self":[{"href":"https:\/\/linitiative.ca\/International\/wp-json\/wp\/v2\/posts\/64011","targetHints":{"allow":["GET"]}}],"collection":[{"href":"https:\/\/linitiative.ca\/International\/wp-json\/wp\/v2\/posts"}],"about":[{"href":"https:\/\/linitiative.ca\/International\/wp-json\/wp\/v2\/types\/post"}],"author":[{"embeddable":true,"href":"https:\/\/linitiative.ca\/International\/wp-json\/wp\/v2\/users\/1816"}],"replies":[{"embeddable":true,"href":"https:\/\/linitiative.ca\/International\/wp-json\/wp\/v2\/comments?post=64011"}],"version-history":[{"count":0,"href":"https:\/\/linitiative.ca\/International\/wp-json\/wp\/v2\/posts\/64011\/revisions"}],"wp:attachment":[{"href":"https:\/\/linitiative.ca\/International\/wp-json\/wp\/v2\/media?parent=64011"}],"wp:term":[{"taxonomy":"category","embeddable":true,"href":"https:\/\/linitiative.ca\/International\/wp-json\/wp\/v2\/categories?post=64011"},{"taxonomy":"post_tag","embeddable":true,"href":"https:\/\/linitiative.ca\/International\/wp-json\/wp\/v2\/tags?post=64011"}],"curies":[{"name":"wp","href":"https:\/\/api.w.org\/{rel}","templated":true}]}}