{"id":64013,"date":"2019-10-10T17:42:35","date_gmt":"2019-10-10T21:42:35","guid":{"rendered":"https:\/\/linitiative.ca\/International\/greve-annoncee-dans-lavion-civile-les-syndicats-suspendent-leur-mot-dordre\/"},"modified":"2019-10-10T17:42:35","modified_gmt":"2019-10-10T21:42:35","slug":"greve-annoncee-dans-lavion-civile-les-syndicats-suspendent-leur-mot-dordre","status":"publish","type":"post","link":"https:\/\/linitiative.ca\/International\/greve-annoncee-dans-lavion-civile-les-syndicats-suspendent-leur-mot-dordre\/","title":{"rendered":"Gr\u00e8ve annonc\u00e9e dans  l\u2019avion civile  : Les  syndicats suspendent leur mot d\u2019ordre"},"content":{"rendered":"<div class=\"td-post-featured-image\"><a href=\"https:\/\/i1.wp.com\/www.sidwaya.info\/wp-content\/uploads\/2019\/10\/aviation-1.gif?fit=700%2C335&#038;ssl=1\" data-caption=\"\"><img loading=\"lazy\" decoding=\"async\" width=\"696\" height=\"333\" class=\"entry-thumb td-modal-image\" src=\"https:\/\/i1.wp.com\/www.sidwaya.info\/wp-content\/uploads\/2019\/10\/aviation-1.gif?resize=696%2C333&#038;ssl=1\" alt=\"\" title=\"aviation\"\/><\/a><\/div>\n<p>Le collectif des syndicats de l\u2019a\u00e9ronautique civile a suspendu, hier jeudi 10 octobre 2019, son mot d\u2019ordre de gr\u00e8ve, pr\u00e9vue les 11 et 12 du mois courant, pour dit-il, \u00ab donner une chance au dialogue et \u00e0 la n\u00e9gociation \u00bb.<\/p>\n<p>Ce mouvement d\u2019humeur visait \u00e0 d\u00e9noncer des \u00ab manquements \u00bb dans la convention de d\u00e9l\u00e9gation de service public de l\u2019a\u00e9roport international de Donsin. Dans un communiqu\u00e9, le ministre des Transports, de la Mobilit\u00e9 urbaine et de la S\u00e9curit\u00e9 routi\u00e8re, Vincent T. Dabilgou, s\u2019est r\u00e9joui de cette d\u00e9cision, qui intervient \u00e0 la suite des \u00e9changes avec le Premier Ministre.<\/p>\n<p>Il a, par ailleurs, rassur\u00e9 l\u2019opinion publique que \u00ab l\u2019ensemble des activit\u00e9s et services a\u00e9ronautiques restent assur\u00e9s pour la p\u00e9riode concern\u00e9e \u00bb. Vivement qu\u2019une solution soit d\u00e9finitivement trouv\u00e9e \u00e0 cette nouvelle crise, qui pourrait avoir de graves r\u00e9percussions sur le secteur de l\u2019aviation au Burkina.<\/p>\n<p class=\"c1\"><strong>La r\u00e9daction<\/strong><\/p>\n<div class=\"td-a-rec td-a-rec-id-content_bottom td_uid_30_5d9fa5dadcc89_rand td_block_template_1\"><img loading=\"lazy\" decoding=\"async\" class=\"aligncenter size-full wp-image-9623\" src=\"https:\/\/www.sidwaya.info\/wp-content\/uploads\/2019\/06\/Projet-bannie%CC%80re-Orange-mobile.jpg\" alt=\"\" width=\"728\" height=\"81\"\/><\/div>\n<p>Auteur: JK. Sidwaya<br \/>\n<a href=\"https:\/\/www.sidwaya.info\/blog\/2019\/10\/10\/greve-annoncee-dans-lavion-civile-les-syndicats-suspendent-leur-mot-dordre\/\">Cliquez ici pour lire l&rsquo;article depuis sa source.<\/a><\/p>\n","protected":false},"excerpt":{"rendered":"<p>Le collectif des syndicats de l\u2019a\u00e9ronautique civile a suspendu, hier jeudi 10 octobre 2019, son mot d\u2019ordre de gr\u00e8ve, pr\u00e9vue les 11 et 12 du mois courant, pour dit-il, \u00ab donner une chance au dialogue et \u00e0 la n\u00e9gociation \u00bb. Ce mouvement d\u2019humeur visait \u00e0 d\u00e9noncer des \u00ab manquements \u00bb dans la convention de d\u00e9l\u00e9gation [&hellip;]<\/p>\n","protected":false},"author":1816,"featured_media":0,"comment_status":"closed","ping_status":"closed","sticky":false,"template":"","format":"standard","meta":{"fifu_image_url":"","fifu_image_alt":"","footnotes":""},"categories":[73,81],"tags":[],"class_list":["post-64013","post","type-post","status-publish","format-standard","hentry","category-actualite","category-burkina-faso"],"_links":{"self":[{"href":"https:\/\/linitiative.ca\/International\/wp-json\/wp\/v2\/posts\/64013","targetHints":{"allow":["GET"]}}],"collection":[{"href":"https:\/\/linitiative.ca\/International\/wp-json\/wp\/v2\/posts"}],"about":[{"href":"https:\/\/linitiative.ca\/International\/wp-json\/wp\/v2\/types\/post"}],"author":[{"embeddable":true,"href":"https:\/\/linitiative.ca\/International\/wp-json\/wp\/v2\/users\/1816"}],"replies":[{"embeddable":true,"href":"https:\/\/linitiative.ca\/International\/wp-json\/wp\/v2\/comments?post=64013"}],"version-history":[{"count":0,"href":"https:\/\/linitiative.ca\/International\/wp-json\/wp\/v2\/posts\/64013\/revisions"}],"wp:attachment":[{"href":"https:\/\/linitiative.ca\/International\/wp-json\/wp\/v2\/media?parent=64013"}],"wp:term":[{"taxonomy":"category","embeddable":true,"href":"https:\/\/linitiative.ca\/International\/wp-json\/wp\/v2\/categories?post=64013"},{"taxonomy":"post_tag","embeddable":true,"href":"https:\/\/linitiative.ca\/International\/wp-json\/wp\/v2\/tags?post=64013"}],"curies":[{"name":"wp","href":"https:\/\/api.w.org\/{rel}","templated":true}]}}