{"id":64022,"date":"2019-10-10T14:50:05","date_gmt":"2019-10-10T18:50:05","guid":{"rendered":"https:\/\/linitiative.ca\/International\/une-ville-turque-en-premiere-ligne-du-conflit-entre-peur-et-fierte\/"},"modified":"2019-10-10T14:50:05","modified_gmt":"2019-10-10T18:50:05","slug":"une-ville-turque-en-premiere-ligne-du-conflit-entre-peur-et-fierte","status":"publish","type":"post","link":"https:\/\/linitiative.ca\/International\/une-ville-turque-en-premiere-ligne-du-conflit-entre-peur-et-fierte\/","title":{"rendered":"Une ville turque en premi\u00e8re ligne du conflit entre peur et fiert\u00e9"},"content":{"rendered":"<div readability=\"32\">\n<p>Publi\u00e9 le 10.10.2019 \u00e0 19h50 par AFP<\/p>\n<\/div>\n<div readability=\"135\">\n<p>Certains partent pour fuir les bombes, d\u2019autres sortent dans les rues pour acclamer les troupes se rendant en Syrie: la ville turque d\u2019Ak\u00e7akale, en premi\u00e8re ligne du conflit syrien, assiste \u00e0 la derni\u00e8re offensive, tiraill\u00e9e entre peur et fiert\u00e9.<\/p>\n<p>Les rues de cette localit\u00e9 ont \u00e9t\u00e9 pratiquement d\u00e9sert\u00e9es lorsqu\u2019une pluie d\u2019obus tir\u00e9s depuis la fronti\u00e8re s\u2019y est abattue au deuxi\u00e8me jour de l\u2019op\u00e9ration militaire turque contre les milices kurdes de l\u2019autre c\u00f4t\u00e9 de la fronti\u00e8re.<\/p>\n<p>Ak\u00e7akale ne se trouve qu\u2019\u00e0 un jet de pierre de la ville syrienne de Tal Abyad, l\u2019une des cibles de l\u2019arm\u00e9e turque, ce qui l\u2019expose aux repr\u00e9sailles des forces kurdes.<\/p>\n<p>Alors que, quelques heures plus t\u00f4t, les caf\u00e9s grouillaient de clients sirotant du th\u00e9, c\u2019est le silence qui r\u00e8gne d\u00e9sormais. Seules quelques poules s\u2019aventurent dans les rues d\u00e9sert\u00e9es, la population pr\u00e9f\u00e9rant se terrer pour \u00e9viter les bombes.<\/p>\n<p>Les familles s\u2019entassent chez elles dans une chaleur \u00e9touffante. Un homme harangue ses proches qui tardent \u00e0 entrer : \u00ab\u00a0allez, plus vite, d\u00e9p\u00eachez-vous !\u00a0\u00bb<\/p>\n<p>Un b\u00e2timent administratif a \u00e9t\u00e9 atteint par les obus de mortiers qui ont tu\u00e9 un employ\u00e9, retrouv\u00e9 allong\u00e9 \u00e0 l\u2019ext\u00e9rieur, couvert de sang, juste avant qu\u2019il ne s\u2019\u00e9teigne.<\/p>\n<p>Plus tard, les autorit\u00e9s ont fait \u00e9tat de six morts parmi les civils, dont un b\u00e9b\u00e9 de 9 mois, et pr\u00e8s de 70 bless\u00e9s au total dans les provinces de Sanliurfa, o\u00f9 se trouve Ak\u00e7akale, et Mardin.<\/p>\n<p>Malgr\u00e9 les appels des autorit\u00e9s exhortant la population \u00e0 rester \u00e0 l\u2019abri, des groupes d\u2019habitants sont rest\u00e9s dehors. Certains tiraient sur leur cigarette, verre d\u2019eau \u00e0 la main, le regard tourn\u00e9 vers la fronti\u00e8re syrienne d\u2019o\u00f9 montait une \u00e9paisse fum\u00e9e noire.<\/p>\n<p>Leur air confiant s\u2019efface subitement au bruit d\u2019une explosion, lorsque un projectile vient frapper un b\u00e2timent \u00e0 proximit\u00e9. Les jeunes se pr\u00e9cipitent imm\u00e9diatement vers l\u2019abri le plus proche.<\/p>\n<p>\u2013 \u00ab\u00a0Nous n\u2019irons nul part\u00a0\u00bb \u2013<\/p>\n<p>La Turquie a jur\u00e9 de d\u00e9truire les Unit\u00e9s de Protection du Peuple (YPG) qui contr\u00f4lent une grande partie du nord de la Syrie, afin d\u2019y instaurer une \u00ab\u00a0zone de s\u00e9curit\u00e9\u00a0\u00bb susceptible \u00e0 terme d\u2019accueillir une partie des millions de r\u00e9fugi\u00e9s syriens actuellement pr\u00e9sents sur son territoire.<\/p>\n<p>Avant que ne commencent les bombardements, les enfants agitaient des drapeaux turcs sur la route principale d\u2019Ak\u00e7akale. La foule a r\u00e9serv\u00e9 un accueil chaleureux \u00e0 des combattants de l\u2019Arm\u00e9e nationale syrienne, une coalition de groupes syriens arm\u00e9s et financ\u00e9s par Ankara.<\/p>\n<p>Beaucoup, parmi les civils pr\u00e9sents, effectuait de la main le geste des Loups gris, un signe de salut des ultranationalistes turcs.<\/p>\n<p>L\u2019un des badauds, Hamit Alsan, se dit confiant que la Turquie va arracher les territoires convoit\u00e9s aux forces kurdes. \u00ab\u00a0La Turquie est un pays puissant. Si nous perdons un soldat, 10.000 prendront sa place\u00a0\u00bb, dit-il.<\/p>\n<p>Un homme se tenant pr\u00e8s du poste-fronti\u00e8re, Ahmet Kaymaz, se dit pr\u00eat \u00e0 mourir \u00e0 Ak\u00e7akale. \u00ab\u00a0Peut-on vraiment quitter sa m\u00e8re patrie, juste comme \u00e7a ? Non, nous ne l\u2019abandonnerons pas.\u00a0\u00bb<\/p>\n<p>Un fermier, Ahmet Celikan, a quant \u00e0 lui fait le d\u00e9placement depuis un village voisin pour pouvoir observer les convois militaires. Selon lui, le gouvernement turc ne cherchera pas \u00e0 occuper les territoires syriens, et le but de l\u2019op\u00e9ration est uniquement de permettre le retour des r\u00e9fugi\u00e9s.<\/p>\n<p>\u00ab\u00a0Nous faisons cela pour les Syriens qui se trouvent ici. Nous ne souhaitons rien d\u2019autre. La Turquie n\u2019a aucune envie de rester sur ces terres\u00a0\u00bb, affirme-t-il.<\/p>\n<\/div>\n<p>Auteur: AFP<br \/>\n<a href=\"https:\/\/www.journalducameroun.com\/une-ville-turque-en-premiere-ligne-du-conflit-entre-peur-et-fierte\/\">Cliquez ici pour lire l&rsquo;article depuis sa source.<\/a><\/p>\n","protected":false},"excerpt":{"rendered":"<p>Publi\u00e9 le 10.10.2019 \u00e0 19h50 par AFP Certains partent pour fuir les bombes, d\u2019autres sortent dans les rues pour acclamer les troupes se rendant en Syrie: la ville turque d\u2019Ak\u00e7akale, en premi\u00e8re ligne du conflit syrien, assiste \u00e0 la derni\u00e8re offensive, tiraill\u00e9e entre peur et fiert\u00e9. Les rues de cette localit\u00e9 ont \u00e9t\u00e9 pratiquement d\u00e9sert\u00e9es [&hellip;]<\/p>\n","protected":false},"author":1965,"featured_media":0,"comment_status":"closed","ping_status":"closed","sticky":false,"template":"","format":"standard","meta":{"fifu_image_url":"","fifu_image_alt":"","footnotes":""},"categories":[73,82],"tags":[],"class_list":["post-64022","post","type-post","status-publish","format-standard","hentry","category-actualite","category-cameroun"],"_links":{"self":[{"href":"https:\/\/linitiative.ca\/International\/wp-json\/wp\/v2\/posts\/64022","targetHints":{"allow":["GET"]}}],"collection":[{"href":"https:\/\/linitiative.ca\/International\/wp-json\/wp\/v2\/posts"}],"about":[{"href":"https:\/\/linitiative.ca\/International\/wp-json\/wp\/v2\/types\/post"}],"author":[{"embeddable":true,"href":"https:\/\/linitiative.ca\/International\/wp-json\/wp\/v2\/users\/1965"}],"replies":[{"embeddable":true,"href":"https:\/\/linitiative.ca\/International\/wp-json\/wp\/v2\/comments?post=64022"}],"version-history":[{"count":0,"href":"https:\/\/linitiative.ca\/International\/wp-json\/wp\/v2\/posts\/64022\/revisions"}],"wp:attachment":[{"href":"https:\/\/linitiative.ca\/International\/wp-json\/wp\/v2\/media?parent=64022"}],"wp:term":[{"taxonomy":"category","embeddable":true,"href":"https:\/\/linitiative.ca\/International\/wp-json\/wp\/v2\/categories?post=64022"},{"taxonomy":"post_tag","embeddable":true,"href":"https:\/\/linitiative.ca\/International\/wp-json\/wp\/v2\/tags?post=64022"}],"curies":[{"name":"wp","href":"https:\/\/api.w.org\/{rel}","templated":true}]}}