{"id":64023,"date":"2019-10-10T14:50:06","date_gmt":"2019-10-10T18:50:06","guid":{"rendered":"https:\/\/linitiative.ca\/International\/lancien-palais-des-empereurs-dethiopie-renove-et-ouvert-au-public\/"},"modified":"2019-10-10T14:50:06","modified_gmt":"2019-10-10T18:50:06","slug":"lancien-palais-des-empereurs-dethiopie-renove-et-ouvert-au-public","status":"publish","type":"post","link":"https:\/\/linitiative.ca\/International\/lancien-palais-des-empereurs-dethiopie-renove-et-ouvert-au-public\/","title":{"rendered":"L\u2019ancien palais des empereurs d\u2019Ethiopie r\u00e9nov\u00e9 et ouvert au public"},"content":{"rendered":"<div readability=\"32\">\n<p>Publi\u00e9 le 10.10.2019 \u00e0 19h50 par AFP<\/p>\n<\/div>\n<div readability=\"102\">\n<p>L\u2019ancien palais des empereurs d\u2019Ethiopie, qui a aussi servi de lieu de torture sous le r\u00e9gime communiste de Hail\u00e9 Mariam Mengistu (1974-1991) a \u00e9t\u00e9 r\u00e9nov\u00e9 et sera d\u00e9sormais ouvert au public, un projet s\u2019inscrivant dans une politique de promotion du tourisme.<\/p>\n<p>Rebaptis\u00e9 \u00ab\u00a0Parc de l\u2019unit\u00e9\u00a0\u00bb et r\u00e9nov\u00e9 gr\u00e2ce \u00e0 une aide de 160 millions de dollars (145 millions d\u2019euros) des Emirats arabes unis, le palais construit \u00e0 la fin du XIX\u00e8me si\u00e8cle, a \u00e9t\u00e9 officiellement inaugur\u00e9 jeudi avant d\u2019ouvrir ses portes au public vendredi.<\/p>\n<p>Le cabinet du Premier ministre \u00e9thiopien Abiy Ahmed, qui a souhait\u00e9 cette r\u00e9novation d\u00e8s son av\u00e8nement au pouvoir en avril 2018 et qui a surveill\u00e9 de pr\u00e8s les travaux de r\u00e9novation, a indiqu\u00e9 dans un tweet, que la r\u00e9alisation de ce projet \u00ab\u00a0symbolise\u00a0\u00bb la \u00ab\u00a0capacit\u00e9 (des Ethiopiens) \u00e0 se rassembler\u00a0\u00bb.<\/p>\n<p>Ce palais a \u00e9t\u00e9 construit par l\u2019empereur Menelik II, fondateur de la capitale Addis Abeba (Nouvelle fleur en langue amharique). Les empereurs d\u2019Ethiopie y ont habit\u00e9 pendant plus d\u2019un si\u00e8cle.<\/p>\n<p>Le visiteur pourra y voir une \u00e9p\u00e9e ayant appartenu \u00e0 Menelik II ou encore une statue grandeur nature de l\u2019empereur Ha\u00efl\u00e9 S\u00e9lassi\u00e9, qui y a d\u2019abord v\u00e9cu, puis y a \u00e9t\u00e9 d\u00e9tenu apr\u00e8s avoir \u00e9t\u00e9 renvers\u00e9 par le r\u00e9gime communiste du Derg dirig\u00e9 par Mengistu en 1974.<\/p>\n<p>Des statues rendant hommage aux diff\u00e9rentes r\u00e9gions d\u2019Ethiopie sont \u00e9galement install\u00e9es dans les jardins, tandis qu\u2019un zoo devrait y ouvrir ses portes d\u2019ici la fin de l\u2019ann\u00e9e.<\/p>\n<p>Un agenda de r\u00e9formes \u00e9conomiques publi\u00e9s en septembre par le gouvernement identifie le tourisme comme un pilier de la cr\u00e9ation d\u2019emplois en Ethiopie.<\/p>\n<p>Jeudi, des hauts responsables gouvernementaux et le corps diplomatique ont visit\u00e9 le palais r\u00e9nov\u00e9, et devaient participer dans la soir\u00e9e \u00e0 un banquet auquel sont attendus cinq chefs d\u2019Etat de la r\u00e9gion.<\/p>\n<p>Aklilu Fikresilassie, un Ethiopien employ\u00e9 par les Nations unies et pr\u00e9sent \u00e0 la c\u00e9r\u00e9monie d\u2019inauguration s\u2019est dit \u00ab\u00a0vraiment fascin\u00e9\u00a0\u00bb d\u2019avoir pu entrer dans un b\u00e2timent qui avait toujours \u00e9t\u00e9 ferm\u00e9 au public: \u00ab\u00a0quand on entre dans le palais, on a l\u2019impression d\u2019\u00eatre d\u2019une certaine mani\u00e8re plus proches de nos leaders\u00a0\u00bb.<\/p>\n<p>Mais tous ne sont pas enthousiastes.<\/p>\n<p>Dans un contexte politico-ethnique tendu, certains estiment que l\u2019ouverture du palais pourrait irriter les Oromo, la plus importante ethnie du pays, dont M. Abiy est pourtant issu, qui estiment que leurs anc\u00eatres ont \u00e9t\u00e9 chass\u00e9s du territoire sur lequel Addis Abeba a \u00e9t\u00e9 construite.<\/p>\n<p>Le journaliste et ancien prisonnier politique Eskinder Nega regrette lui que les r\u00e9novations ont eu lieu \u00ab\u00a0sans consultation du public\u00a0\u00bb.<\/p>\n<p>\u00ab\u00a0C\u2019est une question d\u2019h\u00e9ritage, sur la pr\u00e9servation de l\u2019h\u00e9ritage, et les gens devraient avoir leur mot \u00e0 dire\u00a0\u00bb, a-t-il soutenu. \u00ab\u00a0Comme pour tout, cette d\u00e9cision a \u00e9t\u00e9 prise tout en haut et mis en oeuvre uniquement parce que le Premier ministre l\u2019a d\u00e9cid\u00e9\u00a0\u00bb.<\/p>\n<\/div>\n<p>Auteur: AFP<br \/>\n<a href=\"https:\/\/www.journalducameroun.com\/lancien-palais-des-empereurs-dethiopie-renove-et-ouvert-au-public\/\">Cliquez ici pour lire l&rsquo;article depuis sa source.<\/a><\/p>\n","protected":false},"excerpt":{"rendered":"<p>Publi\u00e9 le 10.10.2019 \u00e0 19h50 par AFP L\u2019ancien palais des empereurs d\u2019Ethiopie, qui a aussi servi de lieu de torture sous le r\u00e9gime communiste de Hail\u00e9 Mariam Mengistu (1974-1991) a \u00e9t\u00e9 r\u00e9nov\u00e9 et sera d\u00e9sormais ouvert au public, un projet s\u2019inscrivant dans une politique de promotion du tourisme. Rebaptis\u00e9 \u00ab\u00a0Parc de l\u2019unit\u00e9\u00a0\u00bb et r\u00e9nov\u00e9 gr\u00e2ce [&hellip;]<\/p>\n","protected":false},"author":1965,"featured_media":0,"comment_status":"closed","ping_status":"closed","sticky":false,"template":"","format":"standard","meta":{"fifu_image_url":"","fifu_image_alt":"","footnotes":""},"categories":[73,82],"tags":[],"class_list":["post-64023","post","type-post","status-publish","format-standard","hentry","category-actualite","category-cameroun"],"_links":{"self":[{"href":"https:\/\/linitiative.ca\/International\/wp-json\/wp\/v2\/posts\/64023","targetHints":{"allow":["GET"]}}],"collection":[{"href":"https:\/\/linitiative.ca\/International\/wp-json\/wp\/v2\/posts"}],"about":[{"href":"https:\/\/linitiative.ca\/International\/wp-json\/wp\/v2\/types\/post"}],"author":[{"embeddable":true,"href":"https:\/\/linitiative.ca\/International\/wp-json\/wp\/v2\/users\/1965"}],"replies":[{"embeddable":true,"href":"https:\/\/linitiative.ca\/International\/wp-json\/wp\/v2\/comments?post=64023"}],"version-history":[{"count":0,"href":"https:\/\/linitiative.ca\/International\/wp-json\/wp\/v2\/posts\/64023\/revisions"}],"wp:attachment":[{"href":"https:\/\/linitiative.ca\/International\/wp-json\/wp\/v2\/media?parent=64023"}],"wp:term":[{"taxonomy":"category","embeddable":true,"href":"https:\/\/linitiative.ca\/International\/wp-json\/wp\/v2\/categories?post=64023"},{"taxonomy":"post_tag","embeddable":true,"href":"https:\/\/linitiative.ca\/International\/wp-json\/wp\/v2\/tags?post=64023"}],"curies":[{"name":"wp","href":"https:\/\/api.w.org\/{rel}","templated":true}]}}