{"id":64024,"date":"2019-10-10T15:18:03","date_gmt":"2019-10-10T19:18:03","guid":{"rendered":"https:\/\/linitiative.ca\/International\/senegal-macky-sall-annonce-un-temps-nouveau-avec-des-initiatives-majeures\/"},"modified":"2019-10-10T15:18:03","modified_gmt":"2019-10-10T19:18:03","slug":"senegal-macky-sall-annonce-un-temps-nouveau-avec-des-initiatives-majeures","status":"publish","type":"post","link":"https:\/\/linitiative.ca\/International\/senegal-macky-sall-annonce-un-temps-nouveau-avec-des-initiatives-majeures\/","title":{"rendered":"S\u00e9n\u00e9gal: Macky Sall annonce un \u00abtemps nouveau\u00bb avec des \u00abinitiatives majeures\u00bb"},"content":{"rendered":"<div readability=\"32\">\n<p>Publi\u00e9 le 10.10.2019 \u00e0 20h18 par APA News<\/p>\n<\/div>\n<div readability=\"127\">\n<p>Le \u00ab temps nouveau \u00bb qui s\u2019annonce pour le S\u00e9n\u00e9gal \u00ab sera celui des initiatives majeures \u00bb de la deuxi\u00e8me phase du Plan S\u00e9n\u00e9gal \u00e9mergent (PSE) qui va suivre en grande partie, dans son programme quadriennal, la \u00ab trajectoire du d\u00e9veloppement des territoires locaux \u00bb, a d\u00e9clar\u00e9 jeudi \u00e0 Diamniadio (30km de Dakar) le pr\u00e9sident Macky Sall, \u00e0 l\u2019ouverture d\u2019un dialogue avec les maires et les pr\u00e9sidents de conseil d\u00e9partemental qui n\u2019ont pas manqu\u00e9 de lui faire part de leurs dol\u00e9ances.En pr\u00e9sence des \u00e9lus locaux de plusieurs collectivit\u00e9s territoriales du S\u00e9n\u00e9gal et de diff\u00e9rents bords politiques, l\u2019\u00e9v\u00e9nement avait pour but de leur faire \u00ab approprier \u00bb la deuxi\u00e8me phase du PSE, le programme de d\u00e9veloppement \u00e9conomique lanc\u00e9 par le chef de l\u2019\u00c9tat \u00e0 son arriv\u00e9e au pouvoir en 2012.<\/p>\n<p>Le PSE se d\u00e9cline en un Plan d\u2019actions prioritaires (PAP) et dont la concr\u00e9tisation de la phase 2 est pr\u00e9vue sur la p\u00e9riode 2019-2023, soit un an avant la fin du second mandat du pr\u00e9sident Sall. Il portera, entre autres, sur la jeunesse, les femmes et les th\u00e9matiques comme l\u2019\u00e9conomie verte, d\u2019apr\u00e8s le pr\u00e9sident s\u00e9n\u00e9galais.<\/p>\n<p>Le PAP 2 va s\u2019int\u00e9resser \u00e9galement dans ses \u00ab programmes sectoriels \u00bb \u00e0 l\u2019habitat avec la construction de \u00ab 100 logements sociaux \u00bb, \u00e0 la salubrit\u00e9 publique et \u00e0 la mise en place d\u2019industries \u00ab au c\u0153ur de la cit\u00e9 \u00bb, a indiqu\u00e9 le chef de l\u2019Etat aux nombreux \u00e9lus pr\u00e9sents dans la salle, dont le maire de Dakar Soham Wardini.<\/p>\n<p>Toutefois, les territoires locaux connaissent de grandes disparit\u00e9s dont Macky Sall s\u2019est dit conscient. \u00ab Tout n\u2019est pas fait \u00bb ni \u00ab pr\u00eat \u00bb m\u00eame s\u2019il y a des avanc\u00e9es importantes qui ont \u00e9t\u00e9 faites depuis 2012, surtout au niveau de l\u2019\u00e9lectrification et l\u2019acc\u00e8s \u00e0 l\u2019eau qui est de \u00ab 95% en milieu rural \u00bb, a-t-il reconnu.<\/p>\n<p>\u00ab Adh\u00e9rant \u00e0 la vision \u00bb du chef de l\u2019Etat, le maire de la commune de Ga\u00e9 (nord), Abdou Khadre Ndiaye, par ailleurs secr\u00e9taire g\u00e9n\u00e9ral de l\u2019Union des associations des \u00e9lus locaux du S\u00e9n\u00e9gal, a demand\u00e9 \u00e0 ce que les \u00ab questions de fond (soient) abord\u00e9es \u00bb.<\/p>\n<p>Elles sont relatives pour lui aux \u00ab difficult\u00e9s \u00bb des collectivit\u00e9s d\u2019avoir des \u00ab ressources de financement local \u00bb \u00e0 cause d\u2019une \u00ab obsolescence des taxes \u00bb et d\u2019un \u00ab transfert de fiscalit\u00e9 qui porte sur le recouvrement des imp\u00f4ts les plus difficiles \u00bb.<\/p>\n<p>L\u2019\u00e9lu a \u00e9galement d\u00e9nonc\u00e9 \u00ab l\u2019absence \u00bb de cadastre rural et de services fiscaux de proximit\u00e9 d\u00e9di\u00e9s, sans compter que le fonds minier \u00ab n\u2019arrive pas \u00e0 \u00eatre op\u00e9rationnel \u00bb et aussi le \u00ab refus \u00bb des op\u00e9rateurs de t\u00e9l\u00e9phonie de payer la redevance sur leurs antennes install\u00e9es dans les communes.<\/p>\n<p>Le pr\u00e9sident de l\u2019Association des maires du S\u00e9n\u00e9gal (AMS), Aliou Sall, maire de Gu\u00e9diawaye (banlieue dakaroise) et non moins fr\u00e8re du chef de l\u2019Etat, a pour sa part plaid\u00e9 pour la \u00ab revalorisation de la fonction de maire \u00bb. Il souligne que certains de ses coll\u00e8gues peinent m\u00eame parfois \u00e0 s\u2019assurer une couverture sanitaire pendant que d\u2019autres re\u00e7oivent des salaires d\u00e9risoires alors qu\u2019ils sont fortement sollicit\u00e9s au sein de leurs communaut\u00e9s.<\/p>\n<p>\u00ab Nous ne sommes pas satisfaits, parfois par la mani\u00e8re \u00bb, a-t-il ajout\u00e9, appelant notamment \u00e0 la \u00ab d\u00e9centralisation du budget \u00bb et \u00e0 la reconsid\u00e9ration du \u00ab statut de l\u2019\u00e9lu local \u00bb, provoquant ainsi les applaudissements nourris de plusieurs de ses coll\u00e8gues.<\/p>\n<p>Au plan de la d\u00e9centralisation, Aliou Sall estime que la capitale Dakar \u00ab doit avoir un traitement sp\u00e9cial \u00bb car \u00ab la tendance mondiale est \u00e0 la consolidation des grandes agglom\u00e9rations \u00bb au moment o\u00f9 \u00ab la ville a perdu des comp\u00e9tences (voirie, publicit\u00e9s, \u2026) \u00bb.<\/p>\n<p>Avec le mirage que constitue pour certaines communes l\u2019Acte 3 de la d\u00e9centralisation, dans sa communalisation int\u00e9grale mise en place en 2013, ces derni\u00e8res supportent aujourd\u2019hui de nombreuses charges m\u00eame si des \u00e9lus saluent les \u00ab acquis \u00e9vidents \u00bb du r\u00e9gime en place.<\/p>\n<p>Et \u00e0 travers la politique du PAP 2, qui est de \u00ab mettre l\u2019homme au c\u0153ur du d\u00e9veloppement \u00bb, Macky Sall dit compter sur les \u00e9lus locaux pour r\u00e9ussir ses missions comme \u00ab reverdir nos campagnes \u00bb et \u00ab assainir nos villes \u00bb des d\u00e9chets.<\/p>\n<p>\u00ab L\u2019objectif est d\u2019investir dans l\u2019avenir. Notre nation est tr\u00e8s jeune, avec 63% de la population qui a moins de 25 ans \u00bb, a-t-il soulign\u00e9, entendant faire jouer aux collectivit\u00e9s territoriales \u00ab tout leur r\u00f4le \u00bb en rendant \u00ab forts les ex\u00e9cutifs locaux \u00bb.<\/p>\n<\/div>\n<p>Auteur: APA News<br \/>\n<a href=\"https:\/\/www.journalducameroun.com\/senegal-macky-sall-annonce-un-temps-nouveau-avec-des-initiatives-majeures\/\">Cliquez ici pour lire l&rsquo;article depuis sa source.<\/a><\/p>\n","protected":false},"excerpt":{"rendered":"<p>Publi\u00e9 le 10.10.2019 \u00e0 20h18 par APA News Le \u00ab temps nouveau \u00bb qui s\u2019annonce pour le S\u00e9n\u00e9gal \u00ab sera celui des initiatives majeures \u00bb de la deuxi\u00e8me phase du Plan S\u00e9n\u00e9gal \u00e9mergent (PSE) qui va suivre en grande partie, dans son programme quadriennal, la \u00ab trajectoire du d\u00e9veloppement des territoires locaux \u00bb, a d\u00e9clar\u00e9 [&hellip;]<\/p>\n","protected":false},"author":1965,"featured_media":0,"comment_status":"closed","ping_status":"closed","sticky":false,"template":"","format":"standard","meta":{"fifu_image_url":"","fifu_image_alt":"","footnotes":""},"categories":[73,82],"tags":[],"class_list":["post-64024","post","type-post","status-publish","format-standard","hentry","category-actualite","category-cameroun"],"_links":{"self":[{"href":"https:\/\/linitiative.ca\/International\/wp-json\/wp\/v2\/posts\/64024","targetHints":{"allow":["GET"]}}],"collection":[{"href":"https:\/\/linitiative.ca\/International\/wp-json\/wp\/v2\/posts"}],"about":[{"href":"https:\/\/linitiative.ca\/International\/wp-json\/wp\/v2\/types\/post"}],"author":[{"embeddable":true,"href":"https:\/\/linitiative.ca\/International\/wp-json\/wp\/v2\/users\/1965"}],"replies":[{"embeddable":true,"href":"https:\/\/linitiative.ca\/International\/wp-json\/wp\/v2\/comments?post=64024"}],"version-history":[{"count":0,"href":"https:\/\/linitiative.ca\/International\/wp-json\/wp\/v2\/posts\/64024\/revisions"}],"wp:attachment":[{"href":"https:\/\/linitiative.ca\/International\/wp-json\/wp\/v2\/media?parent=64024"}],"wp:term":[{"taxonomy":"category","embeddable":true,"href":"https:\/\/linitiative.ca\/International\/wp-json\/wp\/v2\/categories?post=64024"},{"taxonomy":"post_tag","embeddable":true,"href":"https:\/\/linitiative.ca\/International\/wp-json\/wp\/v2\/tags?post=64024"}],"curies":[{"name":"wp","href":"https:\/\/api.w.org\/{rel}","templated":true}]}}