{"id":64025,"date":"2019-10-10T17:50:03","date_gmt":"2019-10-10T21:50:03","guid":{"rendered":"https:\/\/linitiative.ca\/International\/trump-evoque-une-possible-mediation-americaine-dans-le-conflit-entre-kurdes-et-turcs\/"},"modified":"2019-10-10T17:50:03","modified_gmt":"2019-10-10T21:50:03","slug":"trump-evoque-une-possible-mediation-americaine-dans-le-conflit-entre-kurdes-et-turcs","status":"publish","type":"post","link":"https:\/\/linitiative.ca\/International\/trump-evoque-une-possible-mediation-americaine-dans-le-conflit-entre-kurdes-et-turcs\/","title":{"rendered":"Trump \u00e9voque une possible m\u00e9diation am\u00e9ricaine dans le conflit entre Kurdes et Turcs"},"content":{"rendered":"<div readability=\"32\">\n<p>Publi\u00e9 le 10.10.2019 \u00e0 22h50 par AFP<\/p>\n<\/div>\n<div readability=\"92\">\n<p>Donald Trump a \u00e9voqu\u00e9 jeudi la possibilit\u00e9 d\u2019une m\u00e9diation am\u00e9ricaine dans le conflit entre la Turquie et les Kurdes, apr\u00e8s le d\u00e9but de l\u2019offensive d\u2019Ankara contre une milice kurde dans le nord-est de la Syrie.<\/p>\n<p>\u00ab\u00a0Nous avons un des trois choix suivants: envoyer des milliers de soldats pour gagner militairement, frapper la Turquie tr\u00e8s dur financi\u00e8rement et avec des sanctions, et jouer les m\u00e9diateurs en vue d\u2019un accord entre la Turquie et les Kurdes!\u00a0\u00bb, a \u00e9crit le pr\u00e9sident am\u00e9ricain dans un tweet.<\/p>\n<p>Il n\u2019a pas fourni davantage de pr\u00e9cisions sur cette derni\u00e8re option, et n\u2019a notamment pas dit si les diplomates am\u00e9ricains \u00e9taient d\u00e9j\u00e0 en train de tenter une telle m\u00e9diation.<\/p>\n<p>Donald Trump a laiss\u00e9 le champ libre \u00e0 l\u2019offensive turque sur le plan militaire en retirant les soldats am\u00e9ricains qui se trouvaient en Syrie pr\u00e8s de la fronti\u00e8re avec la Turquie.<\/p>\n<p>Le pr\u00e9sident turc Recep Tayyip Erdogan a donc lanc\u00e9 son op\u00e9ration mercredi contre une milice kurde qu\u2019il accuse de \u00ab\u00a0terrorisme\u00a0\u00bb, alors qu\u2019elle est l\u2019alli\u00e9e des Etats-Unis et des Occidentaux dans la lutte contre le groupe jihadiste Etat islamique (EI).<\/p>\n<p>Le pr\u00e9sident am\u00e9ricain est depuis sous le feu des critiques de la classe politique am\u00e9ricaine, et notamment de son propre camp r\u00e9publicain, pour avoir \u00ab\u00a0abandonn\u00e9 les Kurdes\u00a0\u00bb et pris le risque d\u2019ouvrir la voie \u00e0 une r\u00e9surgence de l\u2019EI.<\/p>\n<p>Face \u00e0 ce toll\u00e9, il a assur\u00e9 qu\u2019il sanctionnerait l\u2019\u00e9conomie turque si l\u2019op\u00e9ration en Syrie d\u00e9passait \u00ab\u00a0les bornes\u00a0\u00bb, sans pr\u00e9ciser o\u00f9 il pla\u00e7ait la ligne rouge.<\/p>\n<p>Interrog\u00e9 \u00e0 ce sujet jeudi dans un entretien pour l\u2019\u00e9mission t\u00e9l\u00e9vis\u00e9e \u00ab\u00a0Full Court Press\u00a0\u00bb, qui sera diffus\u00e9e dimanche, le chef de la diplomatie am\u00e9ricaine Mike Pompeo a refus\u00e9 de \u00ab\u00a0d\u00e9crire pr\u00e9cis\u00e9ment\u00a0\u00bb cette ligne rouge.<\/p>\n<p>\u00ab\u00a0Mais je peux vous assurer que les dirigeants turcs savent tr\u00e8s bien de quoi il s\u2019agit\u00a0\u00bb, a-t-il ajout\u00e9, selon des extraits diffus\u00e9s aux m\u00e9dias.<\/p>\n<p>\u00ab\u00a0Nous reconnaissons que la Turquie a des int\u00e9r\u00eats s\u00e9curitaires l\u00e9gitimes\u00a0\u00bb face \u00e0 \u00ab\u00a0des organisations qu\u2019elle a d\u00e9sign\u00e9es comme terroristes\u00a0\u00bb, et a donc \u00ab\u00a0le droit de se d\u00e9fendre\u00a0\u00bb, mais \u00ab\u00a0nous n\u2019abandonnons pas les Kurdes\u00a0\u00bb, a-t-il expliqu\u00e9.<\/p>\n<p>\u00ab\u00a0S\u2019il y a un massacre des Kurdes, ou s\u2019il y a un comportement qui ne correspond pas \u00e0 ce qu\u2019Erdogan a promis de faire au pr\u00e9sident Trump\u00a0\u00bb, ce dernier \u00ab\u00a0aura recours aux sanctions \u00e9conomiques et \u00e0 tous les outils de la diplomatie am\u00e9ricaine pour tenter de convaincre les Turcs qu\u2019ils doivent arr\u00eater\u00a0\u00bb, a pr\u00e9venu le secr\u00e9taire d\u2019Etat.<\/p>\n<\/div>\n<p>Auteur: AFP<br \/>\n<a href=\"https:\/\/www.journalducameroun.com\/trump-evoque-une-possible-mediation-americaine-dans-le-conflit-entre-kurdes-et-turcs\/\">Cliquez ici pour lire l&rsquo;article depuis sa source.<\/a><\/p>\n","protected":false},"excerpt":{"rendered":"<p>Publi\u00e9 le 10.10.2019 \u00e0 22h50 par AFP Donald Trump a \u00e9voqu\u00e9 jeudi la possibilit\u00e9 d\u2019une m\u00e9diation am\u00e9ricaine dans le conflit entre la Turquie et les Kurdes, apr\u00e8s le d\u00e9but de l\u2019offensive d\u2019Ankara contre une milice kurde dans le nord-est de la Syrie. \u00ab\u00a0Nous avons un des trois choix suivants: envoyer des milliers de soldats pour [&hellip;]<\/p>\n","protected":false},"author":1965,"featured_media":0,"comment_status":"closed","ping_status":"closed","sticky":false,"template":"","format":"standard","meta":{"fifu_image_url":"","fifu_image_alt":"","footnotes":""},"categories":[73,82],"tags":[],"class_list":["post-64025","post","type-post","status-publish","format-standard","hentry","category-actualite","category-cameroun"],"_links":{"self":[{"href":"https:\/\/linitiative.ca\/International\/wp-json\/wp\/v2\/posts\/64025","targetHints":{"allow":["GET"]}}],"collection":[{"href":"https:\/\/linitiative.ca\/International\/wp-json\/wp\/v2\/posts"}],"about":[{"href":"https:\/\/linitiative.ca\/International\/wp-json\/wp\/v2\/types\/post"}],"author":[{"embeddable":true,"href":"https:\/\/linitiative.ca\/International\/wp-json\/wp\/v2\/users\/1965"}],"replies":[{"embeddable":true,"href":"https:\/\/linitiative.ca\/International\/wp-json\/wp\/v2\/comments?post=64025"}],"version-history":[{"count":0,"href":"https:\/\/linitiative.ca\/International\/wp-json\/wp\/v2\/posts\/64025\/revisions"}],"wp:attachment":[{"href":"https:\/\/linitiative.ca\/International\/wp-json\/wp\/v2\/media?parent=64025"}],"wp:term":[{"taxonomy":"category","embeddable":true,"href":"https:\/\/linitiative.ca\/International\/wp-json\/wp\/v2\/categories?post=64025"},{"taxonomy":"post_tag","embeddable":true,"href":"https:\/\/linitiative.ca\/International\/wp-json\/wp\/v2\/tags?post=64025"}],"curies":[{"name":"wp","href":"https:\/\/api.w.org\/{rel}","templated":true}]}}