{"id":64026,"date":"2019-10-10T17:50:07","date_gmt":"2019-10-10T21:50:07","guid":{"rendered":"https:\/\/linitiative.ca\/International\/gabon-aubameyang-revanchard-avec-les-pantheres\/"},"modified":"2019-10-10T17:50:07","modified_gmt":"2019-10-10T21:50:07","slug":"gabon-aubameyang-revanchard-avec-les-pantheres","status":"publish","type":"post","link":"https:\/\/linitiative.ca\/International\/gabon-aubameyang-revanchard-avec-les-pantheres\/","title":{"rendered":"Gabon: Aubameyang \u00ab\u00a0revanchard\u00a0\u00bb avec les Panth\u00e8res"},"content":{"rendered":"<div readability=\"32\">\n<p>Publi\u00e9 le 10.10.2019 \u00e0 22h50 par AFP<\/p>\n<\/div>\n<div readability=\"108\">\n<p>Unique buteur de la victoire (1-0) du Gabon face au Burkina Faso jeudi en amical, la star Pierre-Emerick Aubameyang s\u2019est dit \u00ab\u00a0revanchard\u00a0\u00bb avec sa s\u00e9lection, apr\u00e8s une ann\u00e9e difficile marqu\u00e9e par l\u2019absence des Panth\u00e8res \u00e0 la CAN-2019 et des frictions avec sa F\u00e9d\u00e9ration.<\/p>\n<p>\u00ab\u00a0Je suis revanchard. Cela ne s\u2019est pas bien pass\u00e9 ces derniers temps, j\u2019ai envie de changer cette image de moi que j\u2019ai peut-\u00eatre en s\u00e9lection\u00a0\u00bb, a d\u00e9clar\u00e9 le joueur d\u2019Arsenal, qui a offert sur penalty la victoire \u00e0 son \u00e9quipe jeudi \u00e0 Saint-Leu-la-For\u00eat.<\/p>\n<p>\u00ab\u00a0Cette victoire fait du bien. C\u2019est une nouvelle dynamique, on repart avec \u00e9norm\u00e9ment d\u2019ambitions. Avant tout, on veut \u00e9norm\u00e9ment travailler\u00a0\u00bb, a-t-il poursuivi.<\/p>\n<p>\u00ab\u00a0J\u2019ai plut\u00f4t envie de montrer un autre joueur, en termes de performance. On ne s\u2019est pas qualifi\u00e9s (pour la derni\u00e8re CAN) et je sais que je peux donner \u00e9norm\u00e9ment plus sur le terrain\u00a0\u00bb, a-t-il dit.<\/p>\n<p>Le buteur a \u00e9t\u00e9 le grand absent de la derni\u00e8re Coupe d\u2019Afrique des nations, cet \u00e9t\u00e9, payant la campagne de qualification rat\u00e9e du Gabon, qui avait termin\u00e9 derri\u00e8re le modeste Burundi.<\/p>\n<p>Ce mauvais r\u00e9sultat s\u2019est ajout\u00e9 \u00e0 l\u2019\u00e9pisode houleux, en septembre 2018, de la nomination, erron\u00e9e, du p\u00e8re du joueur, Pierre-Fran\u00e7ois Aubame Eyang, comme nouveau s\u00e9lectionneur \u2013 la F\u00e9d\u00e9ration avait reconnu un couac de communication, et la star avait r\u00e9agi en d\u00e9non\u00e7ant \u00ab\u00a0l\u2019amateurisme\u00a0\u00bb de celle-ci.<\/p>\n<p>L\u2019arriv\u00e9e, en mai 2019, du Fran\u00e7ais Patrice Neveu aux r\u00eanes des Panth\u00e8res a semble-t-il calm\u00e9 les tensions.<\/p>\n<p>\u00ab\u00a0Pierre-Emerick est un joueur de tr\u00e8s haut niveau, mais qui, \u00e0 tort, a \u00e9t\u00e9 extr\u00eamement critiqu\u00e9, donc bless\u00e9. Il avait besoin que tout soit s\u00e9curis\u00e9, au niveau de la discipline, de la rigueur, parce que les joueurs qui \u00e9voluent au haut niveau ont besoin d\u2019un cadre pour s\u2019exprimer\u00a0\u00bb, a d\u00e9clar\u00e9 le coach.<\/p>\n<p>\u00ab\u00a0Le plaisir et la joie n\u2019emp\u00eachent pas la rigueur. Il aime son pays et il a envie de l\u2019emmener au plus haut. Quand on sera meilleur dans l\u2019expression collective, il pourra aussi avancer avec nous\u00a0\u00bb, a-t-il estim\u00e9.<\/p>\n<p>Pour se qualifier pour la CAN-2021, le Gabon devra terminer dans les deux premiers d\u2019une poule compos\u00e9e de l\u2019Angola, de la RD Congo et du vainqueur du barrage entre Djibouti et la Gambie.<\/p>\n<p>\u00ab\u00a0On n\u2019a pas le droit \u00e0 l\u2019erreur, je dirais m\u00eame que c\u2019est une obligation de se qualifier, vu nos qualit\u00e9s\u00a0\u00bb, a r\u00e9agi Aubameyang.<\/p>\n<\/div>\n<p>Auteur: AFP<br \/>\n<a href=\"https:\/\/www.journalducameroun.com\/gabon-aubameyang-revanchard-avec-les-pantheres\/\">Cliquez ici pour lire l&rsquo;article depuis sa source.<\/a><\/p>\n","protected":false},"excerpt":{"rendered":"<p>Publi\u00e9 le 10.10.2019 \u00e0 22h50 par AFP Unique buteur de la victoire (1-0) du Gabon face au Burkina Faso jeudi en amical, la star Pierre-Emerick Aubameyang s\u2019est dit \u00ab\u00a0revanchard\u00a0\u00bb avec sa s\u00e9lection, apr\u00e8s une ann\u00e9e difficile marqu\u00e9e par l\u2019absence des Panth\u00e8res \u00e0 la CAN-2019 et des frictions avec sa F\u00e9d\u00e9ration. \u00ab\u00a0Je suis revanchard. Cela ne [&hellip;]<\/p>\n","protected":false},"author":1965,"featured_media":0,"comment_status":"closed","ping_status":"closed","sticky":false,"template":"","format":"standard","meta":{"fifu_image_url":"","fifu_image_alt":"","footnotes":""},"categories":[73,82],"tags":[],"class_list":["post-64026","post","type-post","status-publish","format-standard","hentry","category-actualite","category-cameroun"],"_links":{"self":[{"href":"https:\/\/linitiative.ca\/International\/wp-json\/wp\/v2\/posts\/64026","targetHints":{"allow":["GET"]}}],"collection":[{"href":"https:\/\/linitiative.ca\/International\/wp-json\/wp\/v2\/posts"}],"about":[{"href":"https:\/\/linitiative.ca\/International\/wp-json\/wp\/v2\/types\/post"}],"author":[{"embeddable":true,"href":"https:\/\/linitiative.ca\/International\/wp-json\/wp\/v2\/users\/1965"}],"replies":[{"embeddable":true,"href":"https:\/\/linitiative.ca\/International\/wp-json\/wp\/v2\/comments?post=64026"}],"version-history":[{"count":0,"href":"https:\/\/linitiative.ca\/International\/wp-json\/wp\/v2\/posts\/64026\/revisions"}],"wp:attachment":[{"href":"https:\/\/linitiative.ca\/International\/wp-json\/wp\/v2\/media?parent=64026"}],"wp:term":[{"taxonomy":"category","embeddable":true,"href":"https:\/\/linitiative.ca\/International\/wp-json\/wp\/v2\/categories?post=64026"},{"taxonomy":"post_tag","embeddable":true,"href":"https:\/\/linitiative.ca\/International\/wp-json\/wp\/v2\/tags?post=64026"}],"curies":[{"name":"wp","href":"https:\/\/api.w.org\/{rel}","templated":true}]}}