{"id":64027,"date":"2019-10-10T11:49:18","date_gmt":"2019-10-10T15:49:18","guid":{"rendered":"https:\/\/linitiative.ca\/International\/un-camerounais-prime-pour-avoir-construit-un-refrigerateur-solaire\/"},"modified":"2019-10-10T11:49:18","modified_gmt":"2019-10-10T15:49:18","slug":"un-camerounais-prime-pour-avoir-construit-un-refrigerateur-solaire","status":"publish","type":"post","link":"https:\/\/linitiative.ca\/International\/un-camerounais-prime-pour-avoir-construit-un-refrigerateur-solaire\/","title":{"rendered":"Un camerounais prim\u00e9 pour avoir construit un r\u00e9frig\u00e9rateur solaire"},"content":{"rendered":"<p><strong>Triomphant<\/strong> <strong>Tchulang<\/strong> a remport\u00e9 le <strong>1er prix Pulse Africa d\u2019Edf<\/strong> au Cameroun, qui s\u2019est tenu \u00e0 Yaound\u00e9 le 3 octobre 2019.\u00a0Il\u00a0a \u00e9t\u00e9 s\u00e9lectionn\u00e9 \u00e0 l\u2019issue de deux jours de coaching parmi les onze candidats en comp\u00e9tition. Gr\u00e2ce \u00e0 la conception d\u2019un frigo solaire, le jeune homme de 24 ans a conquis le jury compos\u00e9 d\u2019une dizaine de membres. Son r\u00e9frig\u00e9rateur fonctionne gr\u00e2ce \u00e0 une utilisation combin\u00e9e de l\u2019\u00e9nergie solaire, thermique et lumineuse. En journ\u00e9e, il stocke de l\u2019\u00e9nergie et le soir, il fournit l\u2019\u00e9lectricit\u00e9 suppl\u00e9mentaire qui sert \u00e0 la recharge d\u2019autres appareils comme les t\u00e9l\u00e9phones portables.<\/p>\n<p>Ce frigo solaire <em>\u00ab facilitera l\u2019acc\u00e8s \u00e0 l\u2019\u00e9nergie \u00e0 environ 6 000 Camerounais des zones non encore \u00e9lectrifi\u00e9es. Cette portion de la population, essentiellement agricole, pourra aussi mieux conserver sa production, lorsqu\u2019on sait que 25% de la production agricole p\u00e9rit par manque d\u2019\u00e9lectricit\u00e9 \u00bb,<\/em>\u00a0a r\u00e9v\u00e9l\u00e9 le<strong>\u00a0<\/strong>porteur de la start-up Clean Energy.<\/p>\n<p>Gr\u00e2ce \u00e0 ce prix, <strong>Triomphant Tchulang<\/strong> va repr\u00e9senter le Cameroun \u00e0 Edf Pulse Africa le 21 novembre prochain \u00e0 Paris. Une premi\u00e8re pour le Cameroun depuis le lancement de cette comp\u00e9tition en 2017, qui regroupe les meilleures innovations \u00e9nerg\u00e9tiques du continent.<\/p>\n<p>Pensionnaire de l\u2019Institut sup\u00e9rieur du sahel de Maroua, Tchulang Anadolu ne cache pas sa croyance en l\u2019\u00e9cologie et \u00e0 l\u2019\u00e9nergie verte.<em>\u00a0\u00ab Notre startup s\u2019est b\u00e2tie sur des convictions telles que la valorisation du potentiel en \u00e9nergie solaire de notre environnement tout en int\u00e9grant le d\u00e9veloppement durable, le transfert de technologies et leur int\u00e9gration dans notre soci\u00e9t\u00e9, la promotion de l\u2019emploi jeune et vert, tout en contribuant \u00e0 la lutte contre le r\u00e9chauffement climatique avec une valeur ajout\u00e9e \u00e0 l\u2019\u00e9conomie nationale \u00bb,\u00a0<\/em>dit-il.<\/p>\n<p><strong>Le candidat du Cameroun<\/strong> rejoint ainsi l\u2019ar\u00e8ne des champions camerounais de\u00a0<strong>l\u2019EDF Pulse Africa<\/strong>\u00a0challenge, constitu\u00e9 de\u00a0<strong>Fabien Kouatcha,<\/strong>\u00a0Prix coup de c\u0153ur de l\u2019\u00e9dition 2018 avec son projet\u00a0<strong>Save Our Agriculture<\/strong>\u00a0et la start-up Eduair, qui a remport\u00e9 le troisi\u00e8me prix de la finale en 2017. Par ailleurs, il convient de rappeler qu\u2019EDF Pulse Africa souhaite se positionner comme un acteur incontournable de l\u2019innovation entrepreneuriale en Afrique et \u00e9largir son vivier de futurs partenaires. Le concours s\u2019adresse aux start-ups et aux PME de moins de 50 salari\u00e9s de 54 pays africains. Les laur\u00e9ats de la finale b\u00e9n\u00e9ficieront des dotations allant de\u00a0<strong>5000<\/strong>\u00a0\u00e0\u00a0<strong>15000 euros,<\/strong>\u00a0ainsi qu\u2019un programme d\u2019accompagnement.<\/p>\n<div class=\"about-author about-author-box container-wrapper\">\n<div class=\"author-avatar\">\n<p><img decoding=\"async\" src=\"http:\/\/\" alt=\"\"\/><\/p>\n<\/div>\n<p><h4>La R\u00e9daction EcoMatin<\/h4>\n<\/p>\n<\/div>\n<div class=\"awac-wrapper awac widget blog_subscription-2\">\n<h4 class=\"widget-title\">Abonnez-vous \u00e0 notre lettre d&rsquo;information<\/h4>\n<\/div>\n<p>Auteur: EcoMatin<br \/>\n<a href=\"https:\/\/ecomatin.net\/distinction-un-camerounais-prime-pour-avoir-construit-un-refrigerateur-solaire\/\">Cliquez ici pour lire l&rsquo;article depuis sa source.<\/a><\/p>\n","protected":false},"excerpt":{"rendered":"<p>Triomphant Tchulang a remport\u00e9 le 1er prix Pulse Africa d\u2019Edf au Cameroun, qui s\u2019est tenu \u00e0 Yaound\u00e9 le 3 octobre 2019.\u00a0Il\u00a0a \u00e9t\u00e9 s\u00e9lectionn\u00e9 \u00e0 l\u2019issue de deux jours de coaching parmi les onze candidats en comp\u00e9tition. Gr\u00e2ce \u00e0 la conception d\u2019un frigo solaire, le jeune homme de 24 ans a conquis le jury compos\u00e9 d\u2019une [&hellip;]<\/p>\n","protected":false},"author":1969,"featured_media":0,"comment_status":"closed","ping_status":"closed","sticky":false,"template":"","format":"standard","meta":{"fifu_image_url":"","fifu_image_alt":"","footnotes":""},"categories":[82,78],"tags":[],"class_list":["post-64027","post","type-post","status-publish","format-standard","hentry","category-cameroun","category-economie"],"_links":{"self":[{"href":"https:\/\/linitiative.ca\/International\/wp-json\/wp\/v2\/posts\/64027","targetHints":{"allow":["GET"]}}],"collection":[{"href":"https:\/\/linitiative.ca\/International\/wp-json\/wp\/v2\/posts"}],"about":[{"href":"https:\/\/linitiative.ca\/International\/wp-json\/wp\/v2\/types\/post"}],"author":[{"embeddable":true,"href":"https:\/\/linitiative.ca\/International\/wp-json\/wp\/v2\/users\/1969"}],"replies":[{"embeddable":true,"href":"https:\/\/linitiative.ca\/International\/wp-json\/wp\/v2\/comments?post=64027"}],"version-history":[{"count":0,"href":"https:\/\/linitiative.ca\/International\/wp-json\/wp\/v2\/posts\/64027\/revisions"}],"wp:attachment":[{"href":"https:\/\/linitiative.ca\/International\/wp-json\/wp\/v2\/media?parent=64027"}],"wp:term":[{"taxonomy":"category","embeddable":true,"href":"https:\/\/linitiative.ca\/International\/wp-json\/wp\/v2\/categories?post=64027"},{"taxonomy":"post_tag","embeddable":true,"href":"https:\/\/linitiative.ca\/International\/wp-json\/wp\/v2\/tags?post=64027"}],"curies":[{"name":"wp","href":"https:\/\/api.w.org\/{rel}","templated":true}]}}