{"id":64032,"date":"2019-10-11T09:30:40","date_gmt":"2019-10-11T13:30:40","guid":{"rendered":"https:\/\/linitiative.ca\/International\/nouvelle-saison-culturelle-2019-2020-de-lif-plusieurs-temps-forts-sur-lensemble-du-royaume\/"},"modified":"2019-10-11T09:30:40","modified_gmt":"2019-10-11T13:30:40","slug":"nouvelle-saison-culturelle-2019-2020-de-lif-plusieurs-temps-forts-sur-lensemble-du-royaume","status":"publish","type":"post","link":"https:\/\/linitiative.ca\/International\/nouvelle-saison-culturelle-2019-2020-de-lif-plusieurs-temps-forts-sur-lensemble-du-royaume\/","title":{"rendered":"Nouvelle saison culturelle 2019-2020 de l\u2019IF : Plusieurs temps forts sur l\u2019ensemble du Royaume"},"content":{"rendered":"<p><img decoding=\"async\" class=\"post_layout_5_img\" src=\"http:\/\/aujourdhui.ma\/wp-content\/uploads\/2019\/10\/Cle%CC%81lia-Chevrier-Kolac%CC%8Cko-saison-culturelle-2019-2020-de-lIF.jpg?x29840\" alt=\"Nouvelle saison culturelle 2019-2020 de l\u2019IF : Plusieurs temps forts sur l\u2019ensemble du Royaume\"\/><\/p>\n<p class=\"p1\"><span class=\"s1 c4\"><strong>Elle propose une riche programmation marqu\u00e9e par des \u00e9v\u00e9nements in\u00e9dits<\/strong><\/span><span id=\"more-319811\"\/><\/p>\n<p class=\"p1\"><span class=\"s1\">Rendez-vous annuel incontournable de l\u2019Institut fran\u00e7ais du Maroc, la nouvelle saison culturelle vient d\u2019\u00eatre lanc\u00e9e. \u00c0 cette occasion, H\u00e9l\u00e8ne Le Gal, ambassadrice de France au Maroc, et Cl\u00e9lia Chevrier Kola\u010dko, directrice g\u00e9n\u00e9rale de l\u2019Institut fran\u00e7ais du Maroc, ont pr\u00e9sent\u00e9 r\u00e9cemment \u00e0 Rabat une riche programmation marqu\u00e9e par des \u00e9v\u00e9nements in\u00e9dits. Plac\u00e9e sous le signe \u00abLe go\u00fbt du partage\u00bb, la nouvelle saison se veut vivante et innovante.<\/span><\/p>\n<p class=\"p1\"><span class=\"s1\">Elle est programm\u00e9e de septembre \u00e0 ao\u00fbt, et propose plusieurs temps forts sur l\u2019ensemble du Royaume. <em>\u00abPort\u00e9e sur le partage des envies, des pratiques, des r\u00eaves, des lieux publics\u2026, la saison permet au public de vivre de nouvelles exp\u00e9riences \u00e0 travers des cr\u00e9ations d\u2019horizons vari\u00e9s et l\u2019invite \u00e0 interagir avec son environnement\u00bb<\/em>, souligne Cl\u00e9lia Chevrier Kola\u010dko. A cet effet, le programme offre des compagnies de renom sur sc\u00e8ne. Ainsi le public sera invit\u00e9 \u00e0 d\u00e9couvrir la chor\u00e9graphe Blanca Li qui pr\u00e9sente sa derni\u00e8re p\u00e9pite \u00e9lectro danse, Elektrik. A ne pas manquer la compagnie Retouramont avec son spectacle a\u00e9rien Danse des Cariatides.<\/span><\/p>\n<p class=\"p1\"><span class=\"s1\">D\u2019autres rendez-vous sont \u00e0 d\u00e9couvrir sur sc\u00e8ne, notamment la pi\u00e8ce poignante \u00abDe nos fr\u00e8res bless\u00e9s\u00bb du collectif Satori, le spectacle virevoltant FIQ du Groupe acrobatique de Tanger ainsi que le concert de la nouvelle sensation du jazz vocal parisien Lou Tavano. La saison est \u00e0 nouveau ponctu\u00e9e par plusieurs \u00e9v\u00e9nements incontournables tels que<span class=\"Apple-converted-space\">\u00a0<\/span> le Festival international du cin\u00e9ma d\u2019animation de Mekn\u00e8s, le Salon international de l\u2019\u00e9dition et du livre de Casablanca, le Printemps du livre et des arts de Tanger, la Cigogne volubile, le Forum des jeunes leaders d\u2019Essaouira sans oublier les tr\u00e8s attendues Nuit des Philosophes, Nuit du Ramadan et Nuit \u00c9lectronique, ou encore le programme Cin\u00e9FranceMaroc, avec la projection d\u2019une quarantaine de films r\u00e9cents et en exclusivit\u00e9 dans les salles du r\u00e9seau et dans les cin\u00e9mas partenaires.<\/span><\/p>\n<p class=\"p1\"><span class=\"s1\">L\u2019Institut fran\u00e7ais du Maroc renforce ses actions dans le domaine du num\u00e9rique en accueillant la Micro-Folie de la Villette dans ses espaces. La Micro-Folie propose aux spectateurs gratuitement une exp\u00e9rience compl\u00e8te : mus\u00e9e num\u00e9rique, Fab-lab, espace d\u2019exposition\u2026 pour s\u2019int\u00e9resser \u00e0 de nouvelles pratiques, apprendre et s\u2019ouvrir a\u0300 l\u2019art. L\u2019antenne de Rabat vient d\u2019inaugurer en premier la Micro-Folie. Plusieurs antennes suivront \u00e9galement avant la fin de l\u2019ann\u00e9e, notamment Mekn\u00e8s puis Marrakech et enfin Casablanca au cours du 1er trimestre 2020. \u00c0 travers cette nouvelle saison, l\u2019Institut fran\u00e7ais devient ainsi \u00abnomade\u00bb, et chacune de ses escales hors du commun sera rythm\u00e9e par des rencontres, conf\u00e9rences, spectacles et projections.<\/span><\/p>\n<p>Auteur: ALM<br \/>\n<a href=\"http:\/\/aujourdhui.ma\/culture\/nouvelle-saison-culturelle-2019-2020-de-lif-plusieurs-temps-forts-sur-lensemble-du-royaume\">Cliquez ici pour lire l&rsquo;article depuis sa source.<\/a><\/p>\n","protected":false},"excerpt":{"rendered":"<p>Elle propose une riche programmation marqu\u00e9e par des \u00e9v\u00e9nements in\u00e9dits Rendez-vous annuel incontournable de l\u2019Institut fran\u00e7ais du Maroc, la nouvelle saison culturelle vient d\u2019\u00eatre lanc\u00e9e. \u00c0 cette occasion, H\u00e9l\u00e8ne Le Gal, ambassadrice de France au Maroc, et Cl\u00e9lia Chevrier Kola\u010dko, directrice g\u00e9n\u00e9rale de l\u2019Institut fran\u00e7ais du Maroc, ont pr\u00e9sent\u00e9 r\u00e9cemment \u00e0 Rabat une riche programmation [&hellip;]<\/p>\n","protected":false},"author":1759,"featured_media":0,"comment_status":"closed","ping_status":"closed","sticky":false,"template":"","format":"standard","meta":{"fifu_image_url":"","fifu_image_alt":"","footnotes":""},"categories":[73,54],"tags":[],"class_list":["post-64032","post","type-post","status-publish","format-standard","hentry","category-actualite","category-maroc"],"_links":{"self":[{"href":"https:\/\/linitiative.ca\/International\/wp-json\/wp\/v2\/posts\/64032","targetHints":{"allow":["GET"]}}],"collection":[{"href":"https:\/\/linitiative.ca\/International\/wp-json\/wp\/v2\/posts"}],"about":[{"href":"https:\/\/linitiative.ca\/International\/wp-json\/wp\/v2\/types\/post"}],"author":[{"embeddable":true,"href":"https:\/\/linitiative.ca\/International\/wp-json\/wp\/v2\/users\/1759"}],"replies":[{"embeddable":true,"href":"https:\/\/linitiative.ca\/International\/wp-json\/wp\/v2\/comments?post=64032"}],"version-history":[{"count":0,"href":"https:\/\/linitiative.ca\/International\/wp-json\/wp\/v2\/posts\/64032\/revisions"}],"wp:attachment":[{"href":"https:\/\/linitiative.ca\/International\/wp-json\/wp\/v2\/media?parent=64032"}],"wp:term":[{"taxonomy":"category","embeddable":true,"href":"https:\/\/linitiative.ca\/International\/wp-json\/wp\/v2\/categories?post=64032"},{"taxonomy":"post_tag","embeddable":true,"href":"https:\/\/linitiative.ca\/International\/wp-json\/wp\/v2\/tags?post=64032"}],"curies":[{"name":"wp","href":"https:\/\/api.w.org\/{rel}","templated":true}]}}