{"id":64033,"date":"2019-10-11T10:00:06","date_gmt":"2019-10-11T14:00:06","guid":{"rendered":"https:\/\/linitiative.ca\/International\/automobile-jtekt-ouvre-sa-premiere-usine-africaine-a-tanger\/"},"modified":"2019-10-11T10:00:06","modified_gmt":"2019-10-11T14:00:06","slug":"automobile-jtekt-ouvre-sa-premiere-usine-africaine-a-tanger","status":"publish","type":"post","link":"https:\/\/linitiative.ca\/International\/automobile-jtekt-ouvre-sa-premiere-usine-africaine-a-tanger\/","title":{"rendered":"Automobile : JTEKT ouvre sa premi\u00e8re usine africaine \u00e0 Tanger"},"content":{"rendered":"<p><img decoding=\"async\" class=\"post_layout_5_img\" src=\"http:\/\/aujourdhui.ma\/wp-content\/uploads\/2019\/10\/Automobile-JTEKT-Tanger.jpg?x29840\" alt=\"Automobile : JTEKT ouvre sa premi\u00e8re usine africaine \u00e0 Tanger\"\/><\/p>\n<p class=\"p1\"><span class=\"c5\"><strong><span class=\"c4\"><em>Elle s\u2019\u00e9tend sur une superficie globale de 11.300 m<sup>2<\/sup><\/em><\/span><\/strong><\/span><span id=\"more-319770\"\/><\/p>\n<p class=\"p1\"><span class=\"s1\">L\u2019\u00e9quipementier automobile japonais JTEKT a jet\u00e9 son d\u00e9volu sur Tanger pour l\u2019implantation de son premier site de production de syst\u00e8mes de direction en Afrique. Tr\u00e8s attendue, la c\u00e9r\u00e9monie d\u2019inauguration de ce nouveau site industriel s\u2019est d\u00e9roul\u00e9e, mercredi 9 octobre, en grande pompe.<\/span><\/p>\n<p class=\"p1\"><span class=\"s1\">Cette unit\u00e9 industrielle \u2013 qui a n\u00e9cessit\u00e9 un investissement global de 220 millions de dirhams \u2013 b\u00e9n\u00e9ficie, selon les initiateurs de ce projet, du plus grand savoir-faire industriel issu des 150 ann\u00e9es d\u2019exp\u00e9rience du groupe. Destin\u00e9e \u00e0 faciliter l\u2019acc\u00e8s du Groupe JTEKT aux march\u00e9s d\u2019Afrique et d\u2019Europe, l\u2019entr\u00e9e en service de cette nouvelle usine permet \u00ab<em>d\u2019accompagner nos clients majeurs fran\u00e7ais, notamment Renault et Peugeot, sur le terrain marocain\u00bb<\/em>, a indiqu\u00e9 le directeur g\u00e9n\u00e9ral de JTEKT Europe, Francis Fortin, faisant remarquer que cette usine offre \u00e0 l\u2019\u00e9quipementier japonais <em>\u00abde grandes opportunit\u00e9s de livrer les constructeurs en Europe du Sud, particuli\u00e8rement en Espagne\u00bb.<\/em><\/span><\/p>\n<p class=\"p1\"><span class=\"s1\">S\u2019\u00e9tendant sur une superficie globale de 11.300 m<sup>2<\/sup>, au c\u0153ur de Tanger Automotive City, cette usine est le premier site industriel regroupant JTEKT et sa filiale Fuji Kiko produisant des colonnes manuelles.<\/span><\/p>\n<p class=\"p1\"><span class=\"s1\">Le d\u00e9marrage de la production est pr\u00e9vu de s\u2019\u00e9chelonner entre septembre 2019 et septembre 2020 avec une capacit\u00e9 annuelle de 300.000 syst\u00e8mes de direction assist\u00e9e \u00e9lectrique et 700.000 colonnes manuelles \u00e0 destination des usines marocaines et europ\u00e9ennes des constructeurs automobiles internationaux. Ce site a aid\u00e9 lors de son entr\u00e9e en service \u00e0 la cr\u00e9ation de 90 emplois directs. Intervenant lors de cette c\u00e9r\u00e9monie inaugurale, le secr\u00e9taire d\u2019Etat aupr\u00e8s du ministre de l\u2019industrie, de l\u2019investissement, du commerce et de l\u2019\u00e9conomie num\u00e9rique, charg\u00e9 de l\u2019investissement, Othman El Ferdaous, s\u2019est f\u00e9licit\u00e9 de l\u2019int\u00e9r\u00eat port\u00e9 par les investisseurs japonais \u00e0 la main-d\u2019\u0153uvre marocaine. <em>\u00abCette main-d\u2019\u0153uvre est tr\u00e8s comp\u00e9tente et en ad\u00e9quation avec l\u2019\u00e9volution technologique\u00bb,<\/em> a-t-il soulign\u00e9, faisant part qu\u2019en se basant sur la conception japonaise, cette usine est consid\u00e9r\u00e9e d\u2019abord comme une \u00e9cole pour former les employ\u00e9s, avant d\u2019\u00eatre une unit\u00e9 de fabrication des pi\u00e8ces automobiles.<\/span><\/p>\n<p class=\"p1\"><span class=\"s1\">Selon les responsables de JTEKT corporation, cette nouvelle usine vient d\u2019affirmer la position du Maroc comme destination de choix pour les investisseurs potentiels dans le secteur automobile. <em>\u00abNous sommes fiers de participer au d\u00e9veloppement du Maroc\u00bb,<\/em> a dit le pr\u00e9sident de JTEKT Automotive Morocco, Laurent Perrotte, faisant remarquer que gr\u00e2ce \u00e0 l\u2019essor de son industrie automobile, <em>\u00able Royaume du Maroc a permis de d\u00e9velopper un \u00e9cosyst\u00e8me tr\u00e8s attractif pour les investisseurs \u00e9trangers et le complexe industrialo-portuaire int\u00e9gr\u00e9 Tanger-Med\u00bb.<\/em> De son c\u00f4t\u00e9, le directeur ex\u00e9cutif de JTEKT corporation, Hirofumi Matsuoka, a fait part de l\u2019ambition de JTEKT de devancer et satisfaire les attentes de sa client\u00e8le. \u00ab<em>Gr\u00e2ce \u00e0 notre approche \u00abMonozukuri\u00bb, qui place l\u2019innovation au c\u0153ur de notre strat\u00e9gie, JTEKT garde une longueur d\u2019avance dans l\u2019identification des besoins de ses clients et des exigences du march\u00e9 automobile en constante \u00e9volution\u00bb.<\/em> Notons que JTEKT a r\u00e9alis\u00e9 en 2018 un chiffre d\u2019affaires de 12,2 milliards d\u2019euros. Le groupe emploie actuellement 49.700 personnes r\u00e9parties sur ses diff\u00e9rents sites industriels \u00e0 travers le monde.<\/span><\/p>\n<p>Auteur: Najat Fa\u00efssal<br \/>\n<a href=\"http:\/\/aujourdhui.ma\/automobile\/automobile-jtekt-ouvre-sa-premiere-usine-africaine-a-tanger\">Cliquez ici pour lire l&rsquo;article depuis sa source.<\/a><\/p>\n","protected":false},"excerpt":{"rendered":"<p>Elle s\u2019\u00e9tend sur une superficie globale de 11.300 m2 L\u2019\u00e9quipementier automobile japonais JTEKT a jet\u00e9 son d\u00e9volu sur Tanger pour l\u2019implantation de son premier site de production de syst\u00e8mes de direction en Afrique. Tr\u00e8s attendue, la c\u00e9r\u00e9monie d\u2019inauguration de ce nouveau site industriel s\u2019est d\u00e9roul\u00e9e, mercredi 9 octobre, en grande pompe. Cette unit\u00e9 industrielle \u2013 [&hellip;]<\/p>\n","protected":false},"author":1759,"featured_media":0,"comment_status":"closed","ping_status":"closed","sticky":false,"template":"","format":"standard","meta":{"fifu_image_url":"","fifu_image_alt":"","footnotes":""},"categories":[73,54],"tags":[],"class_list":["post-64033","post","type-post","status-publish","format-standard","hentry","category-actualite","category-maroc"],"_links":{"self":[{"href":"https:\/\/linitiative.ca\/International\/wp-json\/wp\/v2\/posts\/64033","targetHints":{"allow":["GET"]}}],"collection":[{"href":"https:\/\/linitiative.ca\/International\/wp-json\/wp\/v2\/posts"}],"about":[{"href":"https:\/\/linitiative.ca\/International\/wp-json\/wp\/v2\/types\/post"}],"author":[{"embeddable":true,"href":"https:\/\/linitiative.ca\/International\/wp-json\/wp\/v2\/users\/1759"}],"replies":[{"embeddable":true,"href":"https:\/\/linitiative.ca\/International\/wp-json\/wp\/v2\/comments?post=64033"}],"version-history":[{"count":0,"href":"https:\/\/linitiative.ca\/International\/wp-json\/wp\/v2\/posts\/64033\/revisions"}],"wp:attachment":[{"href":"https:\/\/linitiative.ca\/International\/wp-json\/wp\/v2\/media?parent=64033"}],"wp:term":[{"taxonomy":"category","embeddable":true,"href":"https:\/\/linitiative.ca\/International\/wp-json\/wp\/v2\/categories?post=64033"},{"taxonomy":"post_tag","embeddable":true,"href":"https:\/\/linitiative.ca\/International\/wp-json\/wp\/v2\/tags?post=64033"}],"curies":[{"name":"wp","href":"https:\/\/api.w.org\/{rel}","templated":true}]}}