{"id":64034,"date":"2019-10-11T10:11:51","date_gmt":"2019-10-11T14:11:51","guid":{"rendered":"https:\/\/linitiative.ca\/International\/grain-milling-expo-comme-si-vous-y-etiez\/"},"modified":"2019-10-11T10:11:51","modified_gmt":"2019-10-11T14:11:51","slug":"grain-milling-expo-comme-si-vous-y-etiez","status":"publish","type":"post","link":"https:\/\/linitiative.ca\/International\/grain-milling-expo-comme-si-vous-y-etiez\/","title":{"rendered":"Grain &amp; Milling expo : Comme si  vous y \u00e9tiez  !"},"content":{"rendered":"<header>\n<\/header>\n<div class=\"entry-content clearfix\" readability=\"44\">\n<p class=\"p1\"><span class=\"s1\"><em><span class=\"c4\"><strong>Le rideau tombe sur la deuxi\u00e8me \u00e9dition du Grain &#038; Milling expo.<\/strong><\/span><\/em><\/span> <span id=\"more-319877\"\/><\/p>\n<p class=\"p1\"><span class=\"s1\"><em>Ce rendez-vous biennal qui prend fin ce vendredi \u00e0 Casablanca a r\u00e9ussi \u00e0 f\u00e9d\u00e9rer l\u2019ensemble des op\u00e9rateurs c\u00e9r\u00e9aliers nationaux et internationaux autour des enjeux et perspectives du secteur meunier. Une centaine d\u2019exposants issus des quatre coins du monde sont venus pr\u00e9senter les derni\u00e8res offres du march\u00e9.<\/em><\/span><\/p>\n<p class=\"p1\"><span class=\"s1\"><em>De m\u00eame un large parterre d\u2019experts sont venus d\u00e9battre des probl\u00e9matiques du secteur dont la n\u00e9cessit\u00e9 de renforcer le circuit d\u2019int\u00e9gration en vue de cr\u00e9er de la valeur au niveau de la fili\u00e8re.<\/em><\/span><\/p>\n<p class=\"p1\"><span class=\"s1\"><em>ALM a \u00e9t\u00e9 sur place pour relayer les moments forts de cette manifestation organis\u00e9e par la F\u00e9d\u00e9ration nationale de la minoterie (FNM).<\/em><\/span><\/p>\n<\/div>\n<p>Auteur: ALM<br \/>\n<a href=\"http:\/\/aujourdhui.ma\/en-images\/grain-milling-expo-comme-si-vous-y-etiez\">Cliquez ici pour lire l&rsquo;article depuis sa source.<\/a><\/p>\n","protected":false},"excerpt":{"rendered":"<p>Le rideau tombe sur la deuxi\u00e8me \u00e9dition du Grain &#038; Milling expo. Ce rendez-vous biennal qui prend fin ce vendredi \u00e0 Casablanca a r\u00e9ussi \u00e0 f\u00e9d\u00e9rer l\u2019ensemble des op\u00e9rateurs c\u00e9r\u00e9aliers nationaux et internationaux autour des enjeux et perspectives du secteur meunier. Une centaine d\u2019exposants issus des quatre coins du monde sont venus pr\u00e9senter les derni\u00e8res [&hellip;]<\/p>\n","protected":false},"author":1759,"featured_media":0,"comment_status":"closed","ping_status":"closed","sticky":false,"template":"","format":"standard","meta":{"fifu_image_url":"","fifu_image_alt":"","footnotes":""},"categories":[73,54],"tags":[],"class_list":["post-64034","post","type-post","status-publish","format-standard","hentry","category-actualite","category-maroc"],"_links":{"self":[{"href":"https:\/\/linitiative.ca\/International\/wp-json\/wp\/v2\/posts\/64034","targetHints":{"allow":["GET"]}}],"collection":[{"href":"https:\/\/linitiative.ca\/International\/wp-json\/wp\/v2\/posts"}],"about":[{"href":"https:\/\/linitiative.ca\/International\/wp-json\/wp\/v2\/types\/post"}],"author":[{"embeddable":true,"href":"https:\/\/linitiative.ca\/International\/wp-json\/wp\/v2\/users\/1759"}],"replies":[{"embeddable":true,"href":"https:\/\/linitiative.ca\/International\/wp-json\/wp\/v2\/comments?post=64034"}],"version-history":[{"count":0,"href":"https:\/\/linitiative.ca\/International\/wp-json\/wp\/v2\/posts\/64034\/revisions"}],"wp:attachment":[{"href":"https:\/\/linitiative.ca\/International\/wp-json\/wp\/v2\/media?parent=64034"}],"wp:term":[{"taxonomy":"category","embeddable":true,"href":"https:\/\/linitiative.ca\/International\/wp-json\/wp\/v2\/categories?post=64034"},{"taxonomy":"post_tag","embeddable":true,"href":"https:\/\/linitiative.ca\/International\/wp-json\/wp\/v2\/tags?post=64034"}],"curies":[{"name":"wp","href":"https:\/\/api.w.org\/{rel}","templated":true}]}}