{"id":64037,"date":"2019-10-11T06:32:21","date_gmt":"2019-10-11T10:32:21","guid":{"rendered":"https:\/\/linitiative.ca\/International\/en-avant-pour-une-autre-aventure\/"},"modified":"2019-10-11T06:32:21","modified_gmt":"2019-10-11T10:32:21","slug":"en-avant-pour-une-autre-aventure","status":"publish","type":"post","link":"https:\/\/linitiative.ca\/International\/en-avant-pour-une-autre-aventure\/","title":{"rendered":"En avant pour une autre aventure!"},"content":{"rendered":"<p class=\"c4\"><span class=\"c3\"><strong><span class=\"c2\">L<\/span>e gouvernement vient de faire sa mue. Sa gestation s\u2019est \u00e9tendue sur deux mois durant lesquels l\u2019expectative fut de mise, \u00e0 la veille de la reprise parlementaire et en pleines d\u00e9lib\u00e9rations des conseils de r\u00e9gions et de communes. Il serait, peut-\u00eatre pr\u00e9matur\u00e9 d\u2019avancer des jugements sur un ex\u00e9cutif en cours d\u2019installation, en vertu des d\u00e9marches r\u00e9glementaires en vigueur. Toutefois, sinon d\u2019appr\u00e9ciation pr\u00e9coce, il se serait, sans doute, agi des constats pr\u00e9liminaires sur la nature et la composition de la nouvelle formation fra\u00eechement nomm\u00e9e pour le reste du mandat.<\/strong><\/span><\/p>\n<p class=\"c4\">Sans aucun parti pris ni esprit vindicatif, on rel\u00e8vera, de prime abord, que cette seconde copie se rar\u00e9fie d\u2019une mani\u00e8re notable, comme convenu, \u00e0 plus du tiers de sa pr\u00e9d\u00e9cesseur. De m\u00eame, on s\u2019est, hardiment, forc\u00e9 de fusionner des portefeuilles sectoriels rapproch\u00e9s, tout en se passant des Secr\u00e9tariats d\u2019Etat, en prolongement du sort de celui de l\u2019eau, il y a un peu plus d\u2019un an.Jusqu\u2019ici, on s\u2019est gard\u00e9, sur la forme, de rem\u00e9dier \u00e0 certaines entravesinh\u00e9rentes \u00a0\u00e0 l\u2019exorbitance de l\u2019effectif, \u00e0 l\u2019empi\u00e8tement et l\u2019interf\u00e9rence des secteurs et au conflit ministre\/secr\u00e9taire d\u2019Etat.<\/p>\n<p class=\"c4\">Toutefois, on notera, sans beaucoup de surprise,que l\u2019architecture globale n\u2019a pas subi de changement qualitatif, en ce sens qu\u2019elle maintient, visiblement, \u00e0 quelques exceptions pr\u00e8s, les m\u00eames figures aux postes pivots, \u00e0 savoir les finances et \u00e9conomie, l\u2019industrie et commerce, la p\u00eache et l\u2019agriculture, l\u2019\u00e9nergie et mine, l\u2019\u00e9quipement et transport\u2026Ces \u00abgros\u00bb morceaux du plat de r\u00e9sistance en direction desquels on pointait le doigt de reproches \u00e0 leurs auteurs respectifs, en mati\u00e8re d\u2019inertie, sont donc assur\u00e9s par les m\u00eames t\u00eates, \u00a0bien consomm\u00e9es aupr\u00e8s de l\u2019opinion publique.<\/p>\n<p class=\"c4\">\u00abOn ne change jamais une \u00e9quipe qui gagne\u00a0!\u00bb, dirait-on dans le jargon sportif, en pareille circonstance. Mais, il semble bien, en antinomie criarde, qu\u2019on ne pourrait gu\u00e8re reconduire une \u00e9quipe qui perd. D\u2019autant plus qu\u2019elle est, en fait\u00a0 contest\u00e9e par la plus Haute Autorit\u00e9 du pays, dans ses multiples discours. De surcro\u00eet, la razzia technocrate, plus que le tiers de l\u2019\u00e9quip\u00e9e, quoique bourr\u00e9e de technicit\u00e9 av\u00e9r\u00e9e, d\u00e9viderait, \u00e0 coup s\u00fbr, son action de toute substance politique. D\u2019autre part, la notion des comp\u00e9tences, arbor\u00e9e d\u2019une fa\u00e7on substantielle, en amont de cette constitution, parait, \u00e0 un degr\u00e9 \u00e9lev\u00e9, visc\u00e9ralement mitig\u00e9e, en aval.<\/p>\n<p class=\"c4\">Ceci \u00e9tant, comme indiqu\u00e9 sus-dessus, on ne saurait trop vilipender une flop\u00e9e de d\u00e9cideurs qui vient de prendre les r\u00eanes de ce mi-mandat, mis au pied du mur. Nonobstant, il ne fera certainement\u00a0 pas de doute qu\u2019on ne pourrait pas, sans pour autant \u00eatre trop rev\u00eache, esp\u00e9rer grand-chose de cette nouvelle mouture, puisqu\u2019elle manque, \u00e0 priori, de portage fonci\u00e8rement politique pouvant aff\u00fbter les strat\u00e9gies et les politiques publiques \u00e0 mener \u00e0 bon port\u2026 Esp\u00e9rons quand m\u00eame qu\u2019on sera contredit par des faits concrets dans les jours \u00e0 venir!<\/p>\n<p>Auteur: M&rsquo;hammed rahal<br \/>\n<a href=\"http:\/\/albayane.press.ma\/en-avant-pour-une-autre-aventure.html\">Cliquez ici pour lire l&rsquo;article depuis sa source.<\/a><\/p>\n","protected":false},"excerpt":{"rendered":"<p>Le gouvernement vient de faire sa mue. Sa gestation s\u2019est \u00e9tendue sur deux mois durant lesquels l\u2019expectative fut de mise, \u00e0 la veille de la reprise parlementaire et en pleines d\u00e9lib\u00e9rations des conseils de r\u00e9gions et de communes. Il serait, peut-\u00eatre pr\u00e9matur\u00e9 d\u2019avancer des jugements sur un ex\u00e9cutif en cours d\u2019installation, en vertu des d\u00e9marches [&hellip;]<\/p>\n","protected":false},"author":1760,"featured_media":0,"comment_status":"closed","ping_status":"closed","sticky":false,"template":"","format":"standard","meta":{"fifu_image_url":"","fifu_image_alt":"","footnotes":""},"categories":[73,54],"tags":[],"class_list":["post-64037","post","type-post","status-publish","format-standard","hentry","category-actualite","category-maroc"],"_links":{"self":[{"href":"https:\/\/linitiative.ca\/International\/wp-json\/wp\/v2\/posts\/64037","targetHints":{"allow":["GET"]}}],"collection":[{"href":"https:\/\/linitiative.ca\/International\/wp-json\/wp\/v2\/posts"}],"about":[{"href":"https:\/\/linitiative.ca\/International\/wp-json\/wp\/v2\/types\/post"}],"author":[{"embeddable":true,"href":"https:\/\/linitiative.ca\/International\/wp-json\/wp\/v2\/users\/1760"}],"replies":[{"embeddable":true,"href":"https:\/\/linitiative.ca\/International\/wp-json\/wp\/v2\/comments?post=64037"}],"version-history":[{"count":0,"href":"https:\/\/linitiative.ca\/International\/wp-json\/wp\/v2\/posts\/64037\/revisions"}],"wp:attachment":[{"href":"https:\/\/linitiative.ca\/International\/wp-json\/wp\/v2\/media?parent=64037"}],"wp:term":[{"taxonomy":"category","embeddable":true,"href":"https:\/\/linitiative.ca\/International\/wp-json\/wp\/v2\/categories?post=64037"},{"taxonomy":"post_tag","embeddable":true,"href":"https:\/\/linitiative.ca\/International\/wp-json\/wp\/v2\/tags?post=64037"}],"curies":[{"name":"wp","href":"https:\/\/api.w.org\/{rel}","templated":true}]}}