{"id":64038,"date":"2019-10-11T06:41:07","date_gmt":"2019-10-11T10:41:07","guid":{"rendered":"https:\/\/linitiative.ca\/International\/disparition-dun-militant-progressiste-de-la-premiere-heure\/"},"modified":"2019-10-11T06:41:07","modified_gmt":"2019-10-11T10:41:07","slug":"disparition-dun-militant-progressiste-de-la-premiere-heure","status":"publish","type":"post","link":"https:\/\/linitiative.ca\/International\/disparition-dun-militant-progressiste-de-la-premiere-heure\/","title":{"rendered":"Disparition d\u2019un militant progressiste de la premi\u00e8re heure"},"content":{"rendered":"<p class=\"c2\"><strong>C\u2019est avec une grande tristesse et un profond chagrin que le Bureau politique du Parti du progr\u00e8s et du socialisme annonce le d\u00e9c\u00e8s du membre de son Conseil de la pr\u00e9sidence, le militant patriote et progressiste, le camarade Kacem El Ghazoui, d\u00e9c\u00e9d\u00e9 mercredi 9 octobre 2019, apr\u00e8s un long combat, avec\u00a0 constance, patience et courage, contre la maladie.<\/strong><\/p>\n<p class=\"c2\"><strong>En faisant ses adieux \u00e0 notre d\u00e9funt camarade, le Bureau politique invoque, et avec lui les membres du Conseil de la pr\u00e9sidence du parti, ses hautes qualit\u00e9s militantes, sa forte conviction et son attachement aux principes et aux id\u00e9aux du parti. Tous se rem\u00e9morent son rayonnement repr\u00e9sentatif, local et national, ainsi que sa pr\u00e9sence \u00e9minente sur tous les fronts de la lutte politique, \u00e9lectorale et associative qui a marqu\u00e9 son parcours militant. Il s\u2019\u00e9tait compl\u00e8tement investi dans la bataille pour la d\u00e9fense des d\u00e9munis depuis son plus jeune \u00e2ge. Il est rest\u00e9 fid\u00e8le \u00e0 ses id\u00e9aux, \u00e0 ses valeurs et aux principes, malgr\u00e9 tous les d\u00e9fis et toutes les difficult\u00e9s.<\/strong><\/p>\n<p class=\"c2\"><strong>Le Bureau politique du parti ne peut, face \u00e0 cette perte cruelle, que prier pour qu\u2019il repose en paix et que Dieu l\u2019entoure de Sa sainte mis\u00e9ricorde.<\/strong><\/p>\n<p class=\"c2\"><strong>Le Bureau politique pr\u00e9sente ses condol\u00e9ances les plus attrist\u00e9es et ses sentiments sinc\u00e8res de compassion \u00e0 sa veuve, ses filles, ses fils, ses s\u0153urs, ses fr\u00e8res, ainsi qu\u2019\u00e0 ses amis et proches, et \u00e0 tous les camarades.<\/strong><\/p>\n<p class=\"c2\"><strong>Le Bureau politique confirme que la lutte de notre regrett\u00e9 d\u00e9funt restera pr\u00e9sente dans la m\u00e9moire de notre parti et de toutes ses militantes et de tous ses militants.<\/strong><\/p>\n<p class=\"c2\"><span class=\"c3\"><strong>\u00abNous sommes \u00e0 Dieu et \u00a0\u00e0 Lui nous revenons\u00bb.<\/strong><\/span><\/p>\n<p>Auteur: M&rsquo;hammed rahal<br \/>\n<a href=\"http:\/\/albayane.press.ma\/disparition-dun-militant-progressiste-de-la-premiere-heure.html\">Cliquez ici pour lire l&rsquo;article depuis sa source.<\/a><\/p>\n","protected":false},"excerpt":{"rendered":"<p>C\u2019est avec une grande tristesse et un profond chagrin que le Bureau politique du Parti du progr\u00e8s et du socialisme annonce le d\u00e9c\u00e8s du membre de son Conseil de la pr\u00e9sidence, le militant patriote et progressiste, le camarade Kacem El Ghazoui, d\u00e9c\u00e9d\u00e9 mercredi 9 octobre 2019, apr\u00e8s un long combat, avec\u00a0 constance, patience et courage, [&hellip;]<\/p>\n","protected":false},"author":1760,"featured_media":0,"comment_status":"closed","ping_status":"closed","sticky":false,"template":"","format":"standard","meta":{"fifu_image_url":"","fifu_image_alt":"","footnotes":""},"categories":[73,54],"tags":[],"class_list":["post-64038","post","type-post","status-publish","format-standard","hentry","category-actualite","category-maroc"],"_links":{"self":[{"href":"https:\/\/linitiative.ca\/International\/wp-json\/wp\/v2\/posts\/64038","targetHints":{"allow":["GET"]}}],"collection":[{"href":"https:\/\/linitiative.ca\/International\/wp-json\/wp\/v2\/posts"}],"about":[{"href":"https:\/\/linitiative.ca\/International\/wp-json\/wp\/v2\/types\/post"}],"author":[{"embeddable":true,"href":"https:\/\/linitiative.ca\/International\/wp-json\/wp\/v2\/users\/1760"}],"replies":[{"embeddable":true,"href":"https:\/\/linitiative.ca\/International\/wp-json\/wp\/v2\/comments?post=64038"}],"version-history":[{"count":0,"href":"https:\/\/linitiative.ca\/International\/wp-json\/wp\/v2\/posts\/64038\/revisions"}],"wp:attachment":[{"href":"https:\/\/linitiative.ca\/International\/wp-json\/wp\/v2\/media?parent=64038"}],"wp:term":[{"taxonomy":"category","embeddable":true,"href":"https:\/\/linitiative.ca\/International\/wp-json\/wp\/v2\/categories?post=64038"},{"taxonomy":"post_tag","embeddable":true,"href":"https:\/\/linitiative.ca\/International\/wp-json\/wp\/v2\/tags?post=64038"}],"curies":[{"name":"wp","href":"https:\/\/api.w.org\/{rel}","templated":true}]}}