{"id":64039,"date":"2019-10-11T06:48:03","date_gmt":"2019-10-11T10:48:03","guid":{"rendered":"https:\/\/linitiative.ca\/International\/wydad-et-raja-dans-des-groupes-plus-ou-moins-difficiles\/"},"modified":"2019-10-11T06:48:03","modified_gmt":"2019-10-11T10:48:03","slug":"wydad-et-raja-dans-des-groupes-plus-ou-moins-difficiles","status":"publish","type":"post","link":"https:\/\/linitiative.ca\/International\/wydad-et-raja-dans-des-groupes-plus-ou-moins-difficiles\/","title":{"rendered":"Wydad et Raja dans des groupes plus ou moins difficiles"},"content":{"rendered":"<p class=\"c4\"><span class=\"c3\"><strong><span class=\"c2\">L<\/span>es deux repr\u00e9sentants marocains, le Wydad et le Raja de Casablanca, ont \u00e9t\u00e9 vers\u00e9s dans les groupes C et D de la phase de poules de la Ligue des Champions d\u2019Afrique suite au tirage au sort effectu\u00e9, mercredi dernier, au si\u00e8ge de la CAF au Caire.<\/strong><\/span><\/p>\n<p class=\"c4\">Ce tirage au sort semble un peu cl\u00e9ment pour les deux clubs casablancais. Le WAC \u00e9voluera dans le groupe C aux c\u00f4t\u00e9s de l\u2019USM Alger (Alg\u00e9rie), Mamelodi Sundowns d\u2019Afrique du Sud et Petro Atletico d\u2019Angola.\u00a0 Le Raja, lui, devra en d\u00e9coudre dans le groupe D avec une autre formation d\u2019Alg\u00e9rie, JS Kabylie, AS Vita Club de la RD Congo et l\u2019Esp\u00e9rance de Tunis tenante du titre des deux derni\u00e8res \u00e9ditions.<\/p>\n<p class=\"c4\">Les autres clubs en lice sont ceux du groupe A avec le TP Mazembe (RD Congo), Primeiro Agusto (Angola), Zesco United (Zambie) et le vainqueur du match devant opposer le 24 courant au Caire, le Zamalek (Egypte) aux S\u00e9n\u00e9galais de G\u00e9n\u00e9ration Foot. Le groupe B est compos\u00e9 d\u2019Al Ahly (Egypte), Etoile du Sahel (Tunisie), El Hilal (Soudan) et FC Platinum (Zimbabwe).<\/p>\n<p class=\"c4\">Ce sont l\u00e0 les 16 clubs des 4 poules o\u00f9 8 formations (1<sup>\u00e8re<\/sup> et 2<sup>e<\/sup> de chaque groupe) vont se qualifier pour les quarts de finale. Le Wydad et le Raja restent parmi les favoris.<\/p>\n<p class=\"c4\">Les Verts qui venaient d\u2019atteindre la phase de poules pour la premi\u00e8re fois depuis une bonne douzaine d\u2019ann\u00e9es alors qu\u2019ils brillaient par leur \u00e9clipse pendant 5 saisons environ, comptent faire long feu dans l\u2019espoir de renouer avec leurs sacres remport\u00e9s en 1989, 1997 et 1999.<\/p>\n<p class=\"c4\">Les Rouges qui sont \u00e0 2 sacres (1992 et 2017) sont <strong>aujourd\u2019hui<\/strong> en phase de poules pour la 5<sup>e<\/sup> fois d\u2019affil\u00e9e. Ils souhaitent aller en finale pour la 3<sup>e<\/sup> fois successive apr\u00e8s celle de 2017 remport\u00e9e au d\u00e9triment d\u2019Al Ahly d\u2019Egypte et celle de 2018 perdue d\u2019une mani\u00e8re \u00e9trange face \u00e0 l\u2019Esp\u00e9rance Tunis.<\/p>\n<p class=\"c4\">Malheureux finalistes donc, les Rouges doivent tourner la page esp\u00e9rantiste et afficher l\u2019avenir avec toute confiance et grande d\u00e9termination en pensant s\u00e9rieusement \u00e0 leurs prochains adversaires dont les Sud-africains de Sandows qui restent toujours difficiles \u00e0 battre au vu des rencontres entre les deux \u00e9quipes dans la m\u00eame phase de poules lors des r\u00e9centes \u00e9ditions.<\/p>\n<p class=\"c4\">M\u00eame chose pour le Raja qui a devant lui de gros calibres dont les Congolais de l\u2019AS Vita Club qu\u2019ils ont domin\u00e9s en finale de la Coupe de la CAF lors de l\u2019avant derni\u00e8re saison\u2026 sans oublier les Tunisiens de l\u2019Esp\u00e9rance que les Rajaouis avaient battus en Supercoupe d\u2019Afrique. Une autre saveur s\u2019ajoute pour les Rajaouis avec cette pens\u00e9e de revanche pour leurs voisins wydadis. 20 apr\u00e8s, les Verts sont appel\u00e9s \u00e0 r\u00e9cidiver ce qu\u2019ils ont fait en 1999 quand ils ont remport\u00e9 ce troph\u00e9e au d\u00e9triment des m\u00eames esp\u00e9rantistes au stade Al Manzeh \u00e0 Tunis alors que les Rouges avaient perdu la finale de l\u2019autre coupe de la CAF face aux autres tunisiens de l\u2019Etoile du Sahel\u2026<\/p>\n<p class=\"c5\"><strong>Rachid Lebchir<\/strong><\/p>\n<p>Auteur: M&rsquo;hammed rahal<br \/>\n<a href=\"http:\/\/albayane.press.ma\/wydad-et-raja-dans-des-groupes-plus-ou-moins-difficiles.html\">Cliquez ici pour lire l&rsquo;article depuis sa source.<\/a><\/p>\n","protected":false},"excerpt":{"rendered":"<p>Les deux repr\u00e9sentants marocains, le Wydad et le Raja de Casablanca, ont \u00e9t\u00e9 vers\u00e9s dans les groupes C et D de la phase de poules de la Ligue des Champions d\u2019Afrique suite au tirage au sort effectu\u00e9, mercredi dernier, au si\u00e8ge de la CAF au Caire. Ce tirage au sort semble un peu cl\u00e9ment pour [&hellip;]<\/p>\n","protected":false},"author":1760,"featured_media":0,"comment_status":"closed","ping_status":"closed","sticky":false,"template":"","format":"standard","meta":{"fifu_image_url":"","fifu_image_alt":"","footnotes":""},"categories":[73,54],"tags":[],"class_list":["post-64039","post","type-post","status-publish","format-standard","hentry","category-actualite","category-maroc"],"_links":{"self":[{"href":"https:\/\/linitiative.ca\/International\/wp-json\/wp\/v2\/posts\/64039","targetHints":{"allow":["GET"]}}],"collection":[{"href":"https:\/\/linitiative.ca\/International\/wp-json\/wp\/v2\/posts"}],"about":[{"href":"https:\/\/linitiative.ca\/International\/wp-json\/wp\/v2\/types\/post"}],"author":[{"embeddable":true,"href":"https:\/\/linitiative.ca\/International\/wp-json\/wp\/v2\/users\/1760"}],"replies":[{"embeddable":true,"href":"https:\/\/linitiative.ca\/International\/wp-json\/wp\/v2\/comments?post=64039"}],"version-history":[{"count":0,"href":"https:\/\/linitiative.ca\/International\/wp-json\/wp\/v2\/posts\/64039\/revisions"}],"wp:attachment":[{"href":"https:\/\/linitiative.ca\/International\/wp-json\/wp\/v2\/media?parent=64039"}],"wp:term":[{"taxonomy":"category","embeddable":true,"href":"https:\/\/linitiative.ca\/International\/wp-json\/wp\/v2\/categories?post=64039"},{"taxonomy":"post_tag","embeddable":true,"href":"https:\/\/linitiative.ca\/International\/wp-json\/wp\/v2\/tags?post=64039"}],"curies":[{"name":"wp","href":"https:\/\/api.w.org\/{rel}","templated":true}]}}