{"id":64041,"date":"2019-10-11T07:20:48","date_gmt":"2019-10-11T11:20:48","guid":{"rendered":"https:\/\/linitiative.ca\/International\/deces-du-camarade-abderrahmane-karkich-membre-du-comite-central\/"},"modified":"2019-10-11T07:20:48","modified_gmt":"2019-10-11T11:20:48","slug":"deces-du-camarade-abderrahmane-karkich-membre-du-comite-central","status":"publish","type":"post","link":"https:\/\/linitiative.ca\/International\/deces-du-camarade-abderrahmane-karkich-membre-du-comite-central\/","title":{"rendered":"D\u00e9c\u00e8s du camarade Abderrahmane Karkich, membre du Comit\u00e9 central"},"content":{"rendered":"<p class=\"c2\"><strong>Le Bureau politique du Parti du progr\u00e8s et du socialisme annonce le d\u00e9c\u00e8s du camarade Abderrahmane Karkich, membre du Comit\u00e9 central du parti, pr\u00e9sident de la commune de Sdeina et pr\u00e9sident de la communaut\u00e9 des communes de l\u2019environnement \u00e0 Sdeina, dans la province de T\u00e9touan.<\/strong><\/p>\n<p class=\"c2\"><strong>Le d\u00e9funt s\u2019est \u00e9teint mercredi 9 octobre 2019, \u00e0 la suite d\u2019un brusque malaise.<\/strong><\/p>\n<p class=\"c2\"><strong>Face \u00e0 cette perte cruelle, le Secr\u00e9taire g\u00e9n\u00e9ral du parti pr\u00e9sente, au nom de tous les militants et militantes, ses condol\u00e9ances attrist\u00e9es et sa compassion \u00e0 la veuve du d\u00e9funt, \u00e0 sa m\u00e8re, \u00e0 ses enfants et \u00e0 tous les membres de sa famille, ainsi qu\u2019\u00e0 ses camarades \u00e9lus et \u00e0 ses proches et amis, en implorant le Tout Puissant d\u2019accueillir le d\u00e9funt en Sa sainte Mis\u00e9ricorde et d\u2019accorder aux siens patience et r\u00e9confort.<\/strong><\/p>\n<p class=\"c2\"><span class=\"c3\"><strong>\u00abNous sommes \u00e0 Dieu et \u00e0 Lui nous retournons\u00bb.<\/strong><\/span><\/p>\n<p>Auteur: M&rsquo;hammed rahal<br \/>\n<a href=\"http:\/\/albayane.press.ma\/deces-du-camarade-abderrahmane-karkich-membre-du-comite-central.html\">Cliquez ici pour lire l&rsquo;article depuis sa source.<\/a><\/p>\n","protected":false},"excerpt":{"rendered":"<p>Le Bureau politique du Parti du progr\u00e8s et du socialisme annonce le d\u00e9c\u00e8s du camarade Abderrahmane Karkich, membre du Comit\u00e9 central du parti, pr\u00e9sident de la commune de Sdeina et pr\u00e9sident de la communaut\u00e9 des communes de l\u2019environnement \u00e0 Sdeina, dans la province de T\u00e9touan. Le d\u00e9funt s\u2019est \u00e9teint mercredi 9 octobre 2019, \u00e0 la [&hellip;]<\/p>\n","protected":false},"author":1760,"featured_media":0,"comment_status":"closed","ping_status":"closed","sticky":false,"template":"","format":"standard","meta":{"fifu_image_url":"","fifu_image_alt":"","footnotes":""},"categories":[73,54],"tags":[],"class_list":["post-64041","post","type-post","status-publish","format-standard","hentry","category-actualite","category-maroc"],"_links":{"self":[{"href":"https:\/\/linitiative.ca\/International\/wp-json\/wp\/v2\/posts\/64041","targetHints":{"allow":["GET"]}}],"collection":[{"href":"https:\/\/linitiative.ca\/International\/wp-json\/wp\/v2\/posts"}],"about":[{"href":"https:\/\/linitiative.ca\/International\/wp-json\/wp\/v2\/types\/post"}],"author":[{"embeddable":true,"href":"https:\/\/linitiative.ca\/International\/wp-json\/wp\/v2\/users\/1760"}],"replies":[{"embeddable":true,"href":"https:\/\/linitiative.ca\/International\/wp-json\/wp\/v2\/comments?post=64041"}],"version-history":[{"count":0,"href":"https:\/\/linitiative.ca\/International\/wp-json\/wp\/v2\/posts\/64041\/revisions"}],"wp:attachment":[{"href":"https:\/\/linitiative.ca\/International\/wp-json\/wp\/v2\/media?parent=64041"}],"wp:term":[{"taxonomy":"category","embeddable":true,"href":"https:\/\/linitiative.ca\/International\/wp-json\/wp\/v2\/categories?post=64041"},{"taxonomy":"post_tag","embeddable":true,"href":"https:\/\/linitiative.ca\/International\/wp-json\/wp\/v2\/tags?post=64041"}],"curies":[{"name":"wp","href":"https:\/\/api.w.org\/{rel}","templated":true}]}}