{"id":64043,"date":"2019-10-11T05:41:34","date_gmt":"2019-10-11T09:41:34","guid":{"rendered":"https:\/\/linitiative.ca\/International\/offensive-militaire-turque-en-syrie-la-tunisie-appelle-a-larret-immediat-de-lagression\/"},"modified":"2019-10-11T05:41:34","modified_gmt":"2019-10-11T09:41:34","slug":"offensive-militaire-turque-en-syrie-la-tunisie-appelle-a-larret-immediat-de-lagression","status":"publish","type":"post","link":"https:\/\/linitiative.ca\/International\/offensive-militaire-turque-en-syrie-la-tunisie-appelle-a-larret-immediat-de-lagression\/","title":{"rendered":"Offensive militaire turque en Syrie : La Tunisie appelle \u00e0 l\u2019arr\u00eat imm\u00e9diat de l\u2019agression"},"content":{"rendered":"<p>La Tunisie a appel\u00e9 \u00e0 un arr\u00eat imm\u00e9diat des op\u00e9rations militaires lanc\u00e9es par la Turquie au nord-est de la Syrie, afin de prot\u00e9ger la souverainet\u00e9, l\u2019unit\u00e9 et l\u2019int\u00e9grit\u00e9 territoriale de la Syrie.<\/p>\n<p>La Tunisie a soulign\u00e9, dans une d\u00e9claration rendue publique jeudi soir par le minist\u00e8re des Affaires \u00e9trang\u00e8res, qu\u2019elle suivait avec une \u00ab profonde inqui\u00e9tude \u00bb ces op\u00e9rations militaires, l\u2019escalade de la situation, la menace pour la s\u00e9curit\u00e9 et la stabilit\u00e9 dans la r\u00e9gion et l\u2019aggravation des souffrances du peuple syrien fr\u00e8re.<\/p>\n<p>La Tunisie a \u00e9galement appel\u00e9 toutes les parties \u00e0 la retenue, au dialogue et au r\u00e8glement pacifique des diff\u00e9rends, en r\u00e9affirmant le principe du respect de la souverainet\u00e9 des Etats et en pr\u00e9servant leur s\u00e9curit\u00e9 et leur stabilit\u00e9.<\/p>\n<p class=\"dpsp-share-text\">Partager c&rsquo;est aimer!<\/p>\n<div class=\"wp-post-author-wrap wp-post-author-shortcode left\">\n<h3 class=\"awpa-title\"\/>\n<div class=\"wp-post-author\">\n<div class=\"awpa-img awpa-author-block square\"><a href=\"http:\/\/lexpertjournal.net\/fr\/author\/expert\/\"><img loading=\"lazy\" decoding=\"async\" alt=\"\" src=\"http:\/\/2.gravatar.com\/avatar\/56d99be2a6f97af88ccb49fada637fcd?s=150&#038;d=mm&#038;r=g\" srcset=\"http:\/\/2.gravatar.com\/avatar\/56d99be2a6f97af88ccb49fada637fcd?s=300&#038;d=mm&#038;r=g 2x\" class=\"avatar avatar-150 photo\" height=\"150\" width=\"150\"\/><\/a><\/div>\n<\/div>\n<\/div>\n<p>Auteur: L&rsquo;expert<br \/>\n<a href=\"http:\/\/lexpertjournal.net\/fr\/2019\/10\/11\/offensive-militaire-turque-en-syrie-la-tunisie-appelle-a-larret-immediat-de-lagression\/\">Cliquez ici pour lire l&rsquo;article depuis sa source.<\/a><\/p>\n","protected":false},"excerpt":{"rendered":"<p>La Tunisie a appel\u00e9 \u00e0 un arr\u00eat imm\u00e9diat des op\u00e9rations militaires lanc\u00e9es par la Turquie au nord-est de la Syrie, afin de prot\u00e9ger la souverainet\u00e9, l\u2019unit\u00e9 et l\u2019int\u00e9grit\u00e9 territoriale de la Syrie. La Tunisie a soulign\u00e9, dans une d\u00e9claration rendue publique jeudi soir par le minist\u00e8re des Affaires \u00e9trang\u00e8res, qu\u2019elle suivait avec une \u00ab profonde [&hellip;]<\/p>\n","protected":false},"author":1775,"featured_media":0,"comment_status":"closed","ping_status":"closed","sticky":false,"template":"","format":"standard","meta":{"fifu_image_url":"","fifu_image_alt":"","footnotes":""},"categories":[78,55],"tags":[],"class_list":["post-64043","post","type-post","status-publish","format-standard","hentry","category-economie","category-tunisie"],"_links":{"self":[{"href":"https:\/\/linitiative.ca\/International\/wp-json\/wp\/v2\/posts\/64043","targetHints":{"allow":["GET"]}}],"collection":[{"href":"https:\/\/linitiative.ca\/International\/wp-json\/wp\/v2\/posts"}],"about":[{"href":"https:\/\/linitiative.ca\/International\/wp-json\/wp\/v2\/types\/post"}],"author":[{"embeddable":true,"href":"https:\/\/linitiative.ca\/International\/wp-json\/wp\/v2\/users\/1775"}],"replies":[{"embeddable":true,"href":"https:\/\/linitiative.ca\/International\/wp-json\/wp\/v2\/comments?post=64043"}],"version-history":[{"count":0,"href":"https:\/\/linitiative.ca\/International\/wp-json\/wp\/v2\/posts\/64043\/revisions"}],"wp:attachment":[{"href":"https:\/\/linitiative.ca\/International\/wp-json\/wp\/v2\/media?parent=64043"}],"wp:term":[{"taxonomy":"category","embeddable":true,"href":"https:\/\/linitiative.ca\/International\/wp-json\/wp\/v2\/categories?post=64043"},{"taxonomy":"post_tag","embeddable":true,"href":"https:\/\/linitiative.ca\/International\/wp-json\/wp\/v2\/tags?post=64043"}],"curies":[{"name":"wp","href":"https:\/\/api.w.org\/{rel}","templated":true}]}}