{"id":64044,"date":"2019-10-11T06:00:31","date_gmt":"2019-10-11T10:00:31","guid":{"rendered":"https:\/\/linitiative.ca\/International\/presidentielle-2eme-tour-un-simulacre-indigne-de-campagne-electorale\/"},"modified":"2019-10-11T06:00:31","modified_gmt":"2019-10-11T10:00:31","slug":"presidentielle-2eme-tour-un-simulacre-indigne-de-campagne-electorale","status":"publish","type":"post","link":"https:\/\/linitiative.ca\/International\/presidentielle-2eme-tour-un-simulacre-indigne-de-campagne-electorale\/","title":{"rendered":"Pr\u00e9sidentielle (2\u00e8me tour) :  Un simulacre indigne de campagne \u00e9lectorale"},"content":{"rendered":"<p>Les campagnes \u00e9lectorales pour le 2e tour de la pr\u00e9sidentielle qui opposera dimanche 13 octobre l\u2019universitaire ind\u00e9pendant Ka\u00efs Sa\u00efed et le magnat de la t\u00e9l\u00e9vision, Nabil Karoui, qui vient d\u2019\u00eatre lib\u00e9r\u00e9 de prison mercredi, se sont poursuivies avec une cadence plus soutenue pour le premier et plus modeste pour le second.<\/p>\n<p>Les observateurs de l\u2019Union europ\u00e9enne ont rencontr\u00e9 le coordinateur r\u00e9gional de la campagne Ka\u00efs Sa\u00efed, au quartier g\u00e9n\u00e9ral de la campagne, \u00e0 Ksar Hellal, avant le lancement de l\u2019op\u00e9ration de distribution de la d\u00e9claration \u00e9lectorale de ce candidat dans la ville.<\/p>\n<p>A l\u2019Ariana, les partisans du candidat de Sa\u00efed ont poursuivi leurs activit\u00e9s de propagande dans la circonscription de ce gouvernorat afin de pr\u00e9senter leur candidat et son programme \u00e9lectoral, mettant l\u2019accent sur ses choix pour b\u00e2tir la \u00ab Nouvelle Tunisie \u00bb, comme l\u2019ont indiqu\u00e9 un certain nombre de ses partisans qui ont dress\u00e9 une tente \u00e9lectorale, place de Sal\u00e9 dans le centre-ville.<\/p>\n<p>Dans la circonscription de Nabeul 2, les candidats ont men\u00e9 de mani\u00e8re coordonn\u00e9e leur campagne \u00e0 travers une s\u00e9rie de visites sur le terrain dans divers districts de la circonscription et de communication avec les citoyens afin \u00ab d\u2019expliquer le projet pr\u00e9sent\u00e9 par Kais Said et sa vision du poste de pr\u00e9sident, a indiqu\u00e9 le coordinateur r\u00e9gional de la campagne Rafik Bakouch.<\/p>\n<p>Il a pr\u00e9cis\u00e9 lors d\u2019une visite jeudi, accompagn\u00e9 de plusieurs sympathisants de Kais Saied, \u00e0 Bourj Hafaidh, Mhadheba et Hached de la d\u00e9l\u00e9gation de Bouargoub, que \u00ab la campagne se poursuit \u00e0 un rythme soutenu dans diverses d\u00e9l\u00e9gations du gouvernorat de Nabeul \u00bb, soulignant que la campagne est men\u00e9e par des groupes de jeunes volontaires \u00ab convaincus de l\u2019ind\u00e9pendance de Ka\u00efs Sa\u00efed et de la vision qu\u2019il d\u00e9fend pour construire une nouvelle Tunisie \u00bb.<\/p>\n<p>En revanche, la ville de l\u2019Ariana a enregistr\u00e9 de modestes actions de propagande des partisans de Nabil Karoui, avec quelques voitures qui ont parcouru notamment les rues Farhat Hached et Taieb Mhiri, brandissant une photo g\u00e9ante du candidat, alors que de grandes banderoles ont \u00e9t\u00e9 affich\u00e9es tout au long de la route X20 avec pour slogan \u00ab le pr\u00e9sident de c\u0153ur \u00bb.<\/p>\n<p>A Monastir, la campagne de Nabil Karoui a poursuivi ses activit\u00e9s dans cette circonscription avec l\u2019affichage des d\u00e9clarations \u00e9lectorales, a indiqu\u00e9 Mohamed Skhiri, coordinateur de campagne r\u00e9gional.<\/p>\n<p>Au premier tour, Ka\u00efs Sa\u00efed est arriv\u00e9 en t\u00eate avec 18,40% devant Nabil Karoui avec 15,58%.<\/p>\n<p class=\"dpsp-share-text\">Partager c&rsquo;est aimer!<\/p>\n<div class=\"wp-post-author-wrap wp-post-author-shortcode left\">\n<h3 class=\"awpa-title\"\/>\n<div class=\"wp-post-author\">\n<div class=\"awpa-img awpa-author-block square\"><a href=\"http:\/\/lexpertjournal.net\/fr\/author\/expert\/\"><img loading=\"lazy\" decoding=\"async\" alt=\"\" src=\"http:\/\/2.gravatar.com\/avatar\/56d99be2a6f97af88ccb49fada637fcd?s=150&#038;d=mm&#038;r=g\" srcset=\"http:\/\/2.gravatar.com\/avatar\/56d99be2a6f97af88ccb49fada637fcd?s=300&#038;d=mm&#038;r=g 2x\" class=\"avatar avatar-150 photo\" height=\"150\" width=\"150\"\/><\/a><\/div>\n<\/div>\n<\/div>\n<p>Auteur: L&rsquo;expert<br \/>\n<a href=\"http:\/\/lexpertjournal.net\/fr\/2019\/10\/11\/presidentielle-2eme-tour-un-simulacre-indigne-de-campagne-electorale\/\">Cliquez ici pour lire l&rsquo;article depuis sa source.<\/a><\/p>\n","protected":false},"excerpt":{"rendered":"<p>Les campagnes \u00e9lectorales pour le 2e tour de la pr\u00e9sidentielle qui opposera dimanche 13 octobre l\u2019universitaire ind\u00e9pendant Ka\u00efs Sa\u00efed et le magnat de la t\u00e9l\u00e9vision, Nabil Karoui, qui vient d\u2019\u00eatre lib\u00e9r\u00e9 de prison mercredi, se sont poursuivies avec une cadence plus soutenue pour le premier et plus modeste pour le second. Les observateurs de l\u2019Union [&hellip;]<\/p>\n","protected":false},"author":1775,"featured_media":0,"comment_status":"closed","ping_status":"closed","sticky":false,"template":"","format":"standard","meta":{"fifu_image_url":"","fifu_image_alt":"","footnotes":""},"categories":[78,55],"tags":[],"class_list":["post-64044","post","type-post","status-publish","format-standard","hentry","category-economie","category-tunisie"],"_links":{"self":[{"href":"https:\/\/linitiative.ca\/International\/wp-json\/wp\/v2\/posts\/64044","targetHints":{"allow":["GET"]}}],"collection":[{"href":"https:\/\/linitiative.ca\/International\/wp-json\/wp\/v2\/posts"}],"about":[{"href":"https:\/\/linitiative.ca\/International\/wp-json\/wp\/v2\/types\/post"}],"author":[{"embeddable":true,"href":"https:\/\/linitiative.ca\/International\/wp-json\/wp\/v2\/users\/1775"}],"replies":[{"embeddable":true,"href":"https:\/\/linitiative.ca\/International\/wp-json\/wp\/v2\/comments?post=64044"}],"version-history":[{"count":0,"href":"https:\/\/linitiative.ca\/International\/wp-json\/wp\/v2\/posts\/64044\/revisions"}],"wp:attachment":[{"href":"https:\/\/linitiative.ca\/International\/wp-json\/wp\/v2\/media?parent=64044"}],"wp:term":[{"taxonomy":"category","embeddable":true,"href":"https:\/\/linitiative.ca\/International\/wp-json\/wp\/v2\/categories?post=64044"},{"taxonomy":"post_tag","embeddable":true,"href":"https:\/\/linitiative.ca\/International\/wp-json\/wp\/v2\/tags?post=64044"}],"curies":[{"name":"wp","href":"https:\/\/api.w.org\/{rel}","templated":true}]}}