{"id":64045,"date":"2019-10-11T06:03:16","date_gmt":"2019-10-11T10:03:16","guid":{"rendered":"https:\/\/linitiative.ca\/International\/second-tour-de-la-presidentielle-liberte-de-vote-pour-les-militants-de-machrou-tounes\/"},"modified":"2019-10-11T06:03:16","modified_gmt":"2019-10-11T10:03:16","slug":"second-tour-de-la-presidentielle-liberte-de-vote-pour-les-militants-de-machrou-tounes","status":"publish","type":"post","link":"https:\/\/linitiative.ca\/International\/second-tour-de-la-presidentielle-liberte-de-vote-pour-les-militants-de-machrou-tounes\/","title":{"rendered":"Second tour de la pr\u00e9sidentielle : Libert\u00e9 de vote pour les militants de Machrou Toun\u00e8s"},"content":{"rendered":"<p>Le mouvement Machrou Toun\u00e8s a laiss\u00e9 la libert\u00e9 de vote pour ses militants lors du second tour de l\u2019\u00e9lection pr\u00e9sidentielle, \u00ab par respect pour la volont\u00e9 des \u00e9lecteurs \u00bb.<\/p>\n<p>Dans une d\u00e9claration publi\u00e9e jeudi \u00e0 l\u2019issue de la r\u00e9union de son bureau ex\u00e9cutif, pr\u00e9sid\u00e9 par Mohsen Marzouk, le mouvement a exprim\u00e9 son respect pour la volont\u00e9 populaire et l\u2019acceptation des r\u00e9sultats des urnes \u00ab malgr\u00e9 le contexte tumultueux des \u00e9lections, qu\u2019il s\u2019agisse d\u2019un calendrier imbriqu\u00e9, entach\u00e9 d\u2019irr\u00e9gularit\u00e9s ou de vides juridiques \u00bb.<\/p>\n<p>Le mouvement a soulign\u00e9 la n\u00e9cessit\u00e9 de r\u00e9former en profondeur le syst\u00e8me \u00e9lectoral afin que \u00ab le droit et la justice pr\u00e9valent parmi les candidats \u00bb, appelant ceux qui ont remport\u00e9 les \u00e9lections \u00e0 assumer leurs responsabilit\u00e9s en mati\u00e8re de gouvernance et de mise en \u0153uvre de leurs promesses \u00e9lectorales.<\/p>\n<p>Il a rappel\u00e9 que Machrou Toun\u00e8s a particip\u00e9 au premier tour en la personne de son pr\u00e9sident et \u00ab avait ensuite d\u00e9cid\u00e9 de se retirer au profit du favori de la famille nationale (Abdelkrim Zbidi), qui n\u2019\u00e9tait pas pass\u00e9 au second tour \u00bb.<\/p>\n<p class=\"dpsp-share-text\">Partager c&rsquo;est aimer!<\/p>\n<div class=\"wp-post-author-wrap wp-post-author-shortcode left\">\n<h3 class=\"awpa-title\"\/>\n<div class=\"wp-post-author\">\n<div class=\"awpa-img awpa-author-block square\"><a href=\"http:\/\/lexpertjournal.net\/fr\/author\/expert\/\"><img loading=\"lazy\" decoding=\"async\" alt=\"\" src=\"http:\/\/2.gravatar.com\/avatar\/56d99be2a6f97af88ccb49fada637fcd?s=150&#038;d=mm&#038;r=g\" srcset=\"http:\/\/2.gravatar.com\/avatar\/56d99be2a6f97af88ccb49fada637fcd?s=300&#038;d=mm&#038;r=g 2x\" class=\"avatar avatar-150 photo\" height=\"150\" width=\"150\"\/><\/a><\/div>\n<\/div>\n<\/div>\n<p>Auteur: L&rsquo;expert<br \/>\n<a href=\"http:\/\/lexpertjournal.net\/fr\/2019\/10\/11\/second-tour-de-la-presidentielle-liberte-de-vote-pour-les-militants-de-machrou-tounes\/\">Cliquez ici pour lire l&rsquo;article depuis sa source.<\/a><\/p>\n","protected":false},"excerpt":{"rendered":"<p>Le mouvement Machrou Toun\u00e8s a laiss\u00e9 la libert\u00e9 de vote pour ses militants lors du second tour de l\u2019\u00e9lection pr\u00e9sidentielle, \u00ab par respect pour la volont\u00e9 des \u00e9lecteurs \u00bb. Dans une d\u00e9claration publi\u00e9e jeudi \u00e0 l\u2019issue de la r\u00e9union de son bureau ex\u00e9cutif, pr\u00e9sid\u00e9 par Mohsen Marzouk, le mouvement a exprim\u00e9 son respect pour la [&hellip;]<\/p>\n","protected":false},"author":1775,"featured_media":0,"comment_status":"closed","ping_status":"closed","sticky":false,"template":"","format":"standard","meta":{"fifu_image_url":"","fifu_image_alt":"","footnotes":""},"categories":[78,55],"tags":[],"class_list":["post-64045","post","type-post","status-publish","format-standard","hentry","category-economie","category-tunisie"],"_links":{"self":[{"href":"https:\/\/linitiative.ca\/International\/wp-json\/wp\/v2\/posts\/64045","targetHints":{"allow":["GET"]}}],"collection":[{"href":"https:\/\/linitiative.ca\/International\/wp-json\/wp\/v2\/posts"}],"about":[{"href":"https:\/\/linitiative.ca\/International\/wp-json\/wp\/v2\/types\/post"}],"author":[{"embeddable":true,"href":"https:\/\/linitiative.ca\/International\/wp-json\/wp\/v2\/users\/1775"}],"replies":[{"embeddable":true,"href":"https:\/\/linitiative.ca\/International\/wp-json\/wp\/v2\/comments?post=64045"}],"version-history":[{"count":0,"href":"https:\/\/linitiative.ca\/International\/wp-json\/wp\/v2\/posts\/64045\/revisions"}],"wp:attachment":[{"href":"https:\/\/linitiative.ca\/International\/wp-json\/wp\/v2\/media?parent=64045"}],"wp:term":[{"taxonomy":"category","embeddable":true,"href":"https:\/\/linitiative.ca\/International\/wp-json\/wp\/v2\/categories?post=64045"},{"taxonomy":"post_tag","embeddable":true,"href":"https:\/\/linitiative.ca\/International\/wp-json\/wp\/v2\/tags?post=64045"}],"curies":[{"name":"wp","href":"https:\/\/api.w.org\/{rel}","templated":true}]}}