{"id":64046,"date":"2019-10-11T06:09:00","date_gmt":"2019-10-11T10:09:00","guid":{"rendered":"https:\/\/linitiative.ca\/International\/presidentielle-2eme-tour-des-defenseurs-des-droits-de-lhomme-et-des-universitaires-pour-un-vote-blanc\/"},"modified":"2019-10-11T06:09:00","modified_gmt":"2019-10-11T10:09:00","slug":"presidentielle-2eme-tour-des-defenseurs-des-droits-de-lhomme-et-des-universitaires-pour-un-vote-blanc","status":"publish","type":"post","link":"https:\/\/linitiative.ca\/International\/presidentielle-2eme-tour-des-defenseurs-des-droits-de-lhomme-et-des-universitaires-pour-un-vote-blanc\/","title":{"rendered":"Pr\u00e9sidentielle -2\u00e8me tour : Des d\u00e9fenseurs des droits de l\u2019Homme et des universitaires pour un vote blanc"},"content":{"rendered":"<p>Un certain nombre de personnalit\u00e9s nationales, professeurs d\u2019universit\u00e9 et activistes des droits de l\u2019homme, ont appel\u00e9 \u00e0 un vote blanc au deuxi\u00e8me tour de l\u2019\u00e9lection pr\u00e9sidentielle qui opposera dimanche 13 octobre Ka\u00efs Sa\u00efed et Nabil Karoui.<\/p>\n<p>\u00ab Le moyen le plus appropri\u00e9 d\u2019exprimer leur citoyennet\u00e9, de ne pas \u00eatre convaincu de l\u2019offre politique et de rejeter l\u2019offre \u00e9lectorale des deux candidats est de se rendre massivement aux bureaux de vote et de mettre un bulletin o\u00f9 ne figure aucun choix parmi les deux candidats, ce qui est l\u00e9galement exprim\u00e9 comme bulletin blanc \u00bb, ajoute les signataires dans une d\u00e9claration publi\u00e9e jeudi soir.<\/p>\n<p>Ils ont exprim\u00e9 leur \u00ab rejet sans \u00e9quivoque de toute affinit\u00e9 avec la personne du candidat Nabil Karoui, soup\u00e7onn\u00e9 depuis quelque temps de corruption dans le cadre de poursuites judiciaires engag\u00e9es pour des accusations graves qui l\u2019entacheront sans aucun doute en cas d\u2019\u00e9lection, ce qui est inacceptable pour le chef de l\u2019Etat tunisien et pour sa symbolique \u00bb.<\/p>\n<p>Ces personnalit\u00e9s nationales et d\u00e9fenseurs des droits de l\u2019homme formulent \u00e9galement une r\u00e9serve s\u00e9rieuse sur \u00ab l\u2019ambigu\u00eft\u00e9 des positions du candidat Kais Saied, qui appelle des r\u00e9ponses claires pour dissiper les inqui\u00e9tudes de larges couches de Tunisiennes et de Tunisiens face au syst\u00e8me politique peu clair qu\u2019il veut pousser le pays \u00e0 suivre \u00bb.<\/p>\n<p>Ils ont exprim\u00e9 leur forte opposition \u00e0 \u00ab ses positions envers les questions de soci\u00e9t\u00e9 qui sont devenues une composante essentielle de l\u2019identit\u00e9 tunisienne en ce qui concerne la libert\u00e9 individuelle et les acquis des femmes, des positions conservatrices et radicales qui ne tiennent pas compte de la nature civile de la constitution du pays et des valeurs universelles auxquelles il a adh\u00e9r\u00e9 \u00bb.<\/p>\n<p class=\"dpsp-share-text\">Partager c&rsquo;est aimer!<\/p>\n<div class=\"wp-post-author-wrap wp-post-author-shortcode left\">\n<h3 class=\"awpa-title\"\/>\n<div class=\"wp-post-author\">\n<div class=\"awpa-img awpa-author-block square\"><a href=\"http:\/\/lexpertjournal.net\/fr\/author\/expert\/\"><img loading=\"lazy\" decoding=\"async\" alt=\"\" src=\"http:\/\/2.gravatar.com\/avatar\/56d99be2a6f97af88ccb49fada637fcd?s=150&#038;d=mm&#038;r=g\" srcset=\"http:\/\/2.gravatar.com\/avatar\/56d99be2a6f97af88ccb49fada637fcd?s=300&#038;d=mm&#038;r=g 2x\" class=\"avatar avatar-150 photo\" height=\"150\" width=\"150\"\/><\/a><\/div>\n<\/div>\n<\/div>\n<p>Auteur: L&rsquo;expert<br \/>\n<a href=\"http:\/\/lexpertjournal.net\/fr\/2019\/10\/11\/presidentielle-2eme-tour-des-defenseurs-des-droits-de-lhomme-et-des-universitaires-pour-un-vote-blanc\/\">Cliquez ici pour lire l&rsquo;article depuis sa source.<\/a><\/p>\n","protected":false},"excerpt":{"rendered":"<p>Un certain nombre de personnalit\u00e9s nationales, professeurs d\u2019universit\u00e9 et activistes des droits de l\u2019homme, ont appel\u00e9 \u00e0 un vote blanc au deuxi\u00e8me tour de l\u2019\u00e9lection pr\u00e9sidentielle qui opposera dimanche 13 octobre Ka\u00efs Sa\u00efed et Nabil Karoui. \u00ab Le moyen le plus appropri\u00e9 d\u2019exprimer leur citoyennet\u00e9, de ne pas \u00eatre convaincu de l\u2019offre politique et de [&hellip;]<\/p>\n","protected":false},"author":1775,"featured_media":0,"comment_status":"closed","ping_status":"closed","sticky":false,"template":"","format":"standard","meta":{"fifu_image_url":"","fifu_image_alt":"","footnotes":""},"categories":[78,55],"tags":[],"class_list":["post-64046","post","type-post","status-publish","format-standard","hentry","category-economie","category-tunisie"],"_links":{"self":[{"href":"https:\/\/linitiative.ca\/International\/wp-json\/wp\/v2\/posts\/64046","targetHints":{"allow":["GET"]}}],"collection":[{"href":"https:\/\/linitiative.ca\/International\/wp-json\/wp\/v2\/posts"}],"about":[{"href":"https:\/\/linitiative.ca\/International\/wp-json\/wp\/v2\/types\/post"}],"author":[{"embeddable":true,"href":"https:\/\/linitiative.ca\/International\/wp-json\/wp\/v2\/users\/1775"}],"replies":[{"embeddable":true,"href":"https:\/\/linitiative.ca\/International\/wp-json\/wp\/v2\/comments?post=64046"}],"version-history":[{"count":0,"href":"https:\/\/linitiative.ca\/International\/wp-json\/wp\/v2\/posts\/64046\/revisions"}],"wp:attachment":[{"href":"https:\/\/linitiative.ca\/International\/wp-json\/wp\/v2\/media?parent=64046"}],"wp:term":[{"taxonomy":"category","embeddable":true,"href":"https:\/\/linitiative.ca\/International\/wp-json\/wp\/v2\/categories?post=64046"},{"taxonomy":"post_tag","embeddable":true,"href":"https:\/\/linitiative.ca\/International\/wp-json\/wp\/v2\/tags?post=64046"}],"curies":[{"name":"wp","href":"https:\/\/api.w.org\/{rel}","templated":true}]}}