{"id":64047,"date":"2019-10-11T13:04:04","date_gmt":"2019-10-11T17:04:04","guid":{"rendered":"https:\/\/linitiative.ca\/International\/les-films-abou-leila-et-143-rue-du-desert-en-competition-en-france\/"},"modified":"2019-10-11T13:04:04","modified_gmt":"2019-10-11T17:04:04","slug":"les-films-abou-leila-et-143-rue-du-desert-en-competition-en-france","status":"publish","type":"post","link":"https:\/\/linitiative.ca\/International\/les-films-abou-leila-et-143-rue-du-desert-en-competition-en-france\/","title":{"rendered":"Les films \u00ab\u00a0Abou Leila\u00a0\u00bb et \u00ab\u00a0143 rue du d\u00e9sert\u00a0\u00bb en comp\u00e9tition en France"},"content":{"rendered":"<div readability=\"36\">\n<p><strong>ALGER- Les longs m\u00e9trages de fiction, \u00ab\u00a0Abou Le\u00efla\u00a0\u00bb de Amine Sidi Boumediene et \u00ab\u00a0143 rue du d\u00e9sert\u00a0\u00bb de Hassan Ferhani ont \u00e9t\u00e9 s\u00e9lectionn\u00e9s parmi une dizaine d&rsquo;\u0153uvres en comp\u00e9tition au 34e Festival Entrevues de Belfort (France) pr\u00e9vu du 18 au 25 novembre, annoncent les organisateurs.<\/strong><\/p>\n<\/div>\n<div readability=\"83\">\n<p>Coproduction, alg\u00e9ro-franco-qatarie de 140 mn, \u00ab\u00a0Abou Le\u00efla\u00a0\u00bb revient sur les \u00e9v\u00e8nements tragiques des ann\u00e9es 1990, \u00e0 travers l&rsquo;histoire des jeunes Samir, jou\u00e9 par Slimane Benouari, et Lotfi camp\u00e9 par Lyes Salem qui traquent dans le d\u00e9sert alg\u00e9rien Abou Le\u00efla, un dangereux terroriste.<\/p>\n<p>Le film explore l&rsquo;impact de la violence et ses traumatismes sur la soci\u00e9t\u00e9.<\/p>\n<p>Programm\u00e9 en mai dernier \u00e0 Cannes dans la section \u00ab\u00a0Semaine de la critique\u00a0\u00bb, \u00ab\u00a0Abou Le\u00efla\u00a0\u00bb est le premier long m\u00e9trage de Amine Sidi Boumediene, apr\u00e8s ses deux courts m\u00e9trages, \u00ab\u00a0Demain Alger?\u00a0\u00bb et \u00ab\u00a0El Djazira\u00a0\u00bb. R\u00e9cemment, il a \u00e9t\u00e9 projet\u00e9 au 25e festival de Sarajevo (Bosnie Herz\u00e9govine).<\/p>\n<p>\u00ab\u00a0143, rue du d\u00e9sert\u00a0\u00bb, premier long m\u00e9trage de fiction de Hassen Ferhani, a \u00e9t\u00e9 pr\u00e9sent\u00e9 en avant-premi\u00e8re mondiale au 72e Festival de Locarno o\u00f9 il a re\u00e7u le \u00ab\u00a0Prix du meilleur r\u00e9alisateur \u00e9mergent\u00a0\u00bb et celui du \u00ab\u00a0Jury junior\u00a0\u00bb.<\/p>\n<p>D&rsquo;une dur\u00e9e de 100mn, cette production alg\u00e9ro-franco-qatarie, raconte l&rsquo;histoire de Malika, g\u00e9rante d&rsquo;un modeste restaurant sur la route du d\u00e9sert, au fin fond du Sahara alg\u00e9rien, et o\u00f9 se croisent routiers, aventuriers et autres voyageurs.<\/p>\n<p>Hassen Ferhani avait r\u00e9alis\u00e9 en 2016, \u00ab\u00a0Fi rassi rond-point\u00a0\u00bb (Dans ma t\u00eate un rond-point ), un documentaire aux nombreuses distinctions en Alg\u00e9rie comme \u00e0 l&rsquo;\u00e9tranger.<\/p>\n<p>Sorti en ao\u00fbt dernier,\u00a0\u00bb143, rue du d\u00e9sert\u00a0\u00bb a \u00e9galement \u00e9t\u00e9 prim\u00e9 dans des festivals en Egypte et en Cor\u00e9e du Sud.<\/p>\n<p>Cr\u00e9\u00e9 en 1986, le festival Entrevues est d\u00e9di\u00e9 au jeune cin\u00e9ma novateur et ind\u00e9pendant.<\/p>\n<p>Une section court et moyen m\u00e9trages comptant treize films est \u00e9galement ouverte \u00e0 la comp\u00e9tition de cette 34\u00e8me \u00e9dition.<\/p>\n<\/div>\n<p>Auteur:<br \/>\n<a href=\"http:\/\/www.aps.dz\/culture\/95546-les-films-abou-leila-et-143-rue-du-desert-en-competition-en-france\">Cliquez ici pour lire l&rsquo;article depuis sa source.<\/a><\/p>\n","protected":false},"excerpt":{"rendered":"<p>ALGER- Les longs m\u00e9trages de fiction, \u00ab\u00a0Abou Le\u00efla\u00a0\u00bb de Amine Sidi Boumediene et \u00ab\u00a0143 rue du d\u00e9sert\u00a0\u00bb de Hassan Ferhani ont \u00e9t\u00e9 s\u00e9lectionn\u00e9s parmi une dizaine d&rsquo;\u0153uvres en comp\u00e9tition au 34e Festival Entrevues de Belfort (France) pr\u00e9vu du 18 au 25 novembre, annoncent les organisateurs. Coproduction, alg\u00e9ro-franco-qatarie de 140 mn, \u00ab\u00a0Abou Le\u00efla\u00a0\u00bb revient sur les [&hellip;]<\/p>\n","protected":false},"author":1790,"featured_media":0,"comment_status":"closed","ping_status":"closed","sticky":false,"template":"","format":"standard","meta":{"fifu_image_url":"","fifu_image_alt":"","footnotes":""},"categories":[53,79],"tags":[],"class_list":["post-64047","post","type-post","status-publish","format-standard","hentry","category-algerie","category-culture"],"_links":{"self":[{"href":"https:\/\/linitiative.ca\/International\/wp-json\/wp\/v2\/posts\/64047","targetHints":{"allow":["GET"]}}],"collection":[{"href":"https:\/\/linitiative.ca\/International\/wp-json\/wp\/v2\/posts"}],"about":[{"href":"https:\/\/linitiative.ca\/International\/wp-json\/wp\/v2\/types\/post"}],"author":[{"embeddable":true,"href":"https:\/\/linitiative.ca\/International\/wp-json\/wp\/v2\/users\/1790"}],"replies":[{"embeddable":true,"href":"https:\/\/linitiative.ca\/International\/wp-json\/wp\/v2\/comments?post=64047"}],"version-history":[{"count":0,"href":"https:\/\/linitiative.ca\/International\/wp-json\/wp\/v2\/posts\/64047\/revisions"}],"wp:attachment":[{"href":"https:\/\/linitiative.ca\/International\/wp-json\/wp\/v2\/media?parent=64047"}],"wp:term":[{"taxonomy":"category","embeddable":true,"href":"https:\/\/linitiative.ca\/International\/wp-json\/wp\/v2\/categories?post=64047"},{"taxonomy":"post_tag","embeddable":true,"href":"https:\/\/linitiative.ca\/International\/wp-json\/wp\/v2\/tags?post=64047"}],"curies":[{"name":"wp","href":"https:\/\/api.w.org\/{rel}","templated":true}]}}