{"id":64054,"date":"2019-10-11T08:19:00","date_gmt":"2019-10-11T12:19:00","guid":{"rendered":"https:\/\/linitiative.ca\/International\/des-milliers-de-manifestants-dans-la-rue\/"},"modified":"2019-10-11T08:19:00","modified_gmt":"2019-10-11T12:19:00","slug":"des-milliers-de-manifestants-dans-la-rue","status":"publish","type":"post","link":"https:\/\/linitiative.ca\/International\/des-milliers-de-manifestants-dans-la-rue\/","title":{"rendered":"Des milliers de manifestants dans la rue"},"content":{"rendered":"<div id=\"originalText\" readability=\"81\">\n<p>Des milliers de manifestants ont investi les rues de la capitale, aujourd\u2019hui, pour r\u00e9pondre pr\u00e9sent au 34e\u00a0vendredi de manifestation contre le syst\u00e8me.<\/p>\n<p>La marche a d\u00e9but\u00e9, peu avant midi, depuis la rue Khelifa Boukhalfa, d\u00e9sormais le lieu des premiers rassemblements des manifestants, et comme tous les vendredis, les acc\u00e8s au centre d\u2019Alger ont \u00e9t\u00e9 bloqu\u00e9s par un imposant dispositif de s\u00e9curit\u00e9, des agents de police ont m\u00eame quadrill\u00e9 la rue Khelifa Boukhalfa, \u00e0 proximit\u00e9 de la mosqu\u00e9e Errahma, afin de neutraliser les manifestants.<\/p>\n<p>En d\u00e9pit de tous les obstacles, le nombre de manifestants n\u2019a cess\u00e9 d\u2019augmenter, principalement\u00a0en d\u00e9but d\u2019apr\u00e8s-midi, en effet, une mar\u00e9e humaine descend de la rue Didouche Mourad en direction de la Grande Poste, et la place de 1er\u00a0mai est submerg\u00e9e de manifestants.<\/p>\n<p>Pour ce 34e\u00a0vendredi cons\u00e9cutif, les manifestants ont d\u2019abord r\u00e9it\u00e9r\u00e9 leur revendication pour l\u2019institution de la primaut\u00e9 du civil sur le militaire en scandant, \u00ab\u00a0dawla madania, machi a\u00e2skaria (\u00c9tat civil et non militaire)\u00a0\u00bb. Les protestataires ont, \u00e9galement, d\u00e9nonc\u00e9 les deux projets qui seront examin\u00e9s par le Conseil des ministres, dimanche prochain, \u00e0 savoir\u00a0la loi sur les hydrocarbures et la loi de finances 2020, en scandant \u00ab\u00a0Ba3tou leblad ya l\u2019khawana\u00a0\u00bb (vous avez vendu le pays, tra\u00eetres)\u00a0\u00bb.<\/p>\n<p><iframe loading=\"lazy\" allow=\"accelerometer; autoplay; encrypted-media; gyroscope; picture-in-picture\" allowfullscreen=\"\" frameborder=\"0\" height=\"315\" src=\"https:\/\/www.youtube.com\/embed\/iyCi-NwMD9c\" width=\"560\">[embedded content]<\/iframe><\/p>\n<p>Par ailleurs, les manifestants n\u2019ont pas manqu\u00e9 de soutenir les \u00e9tudiants suite\u00a0\u00e0 l\u2019annihilation de la marche du mardi 8 octobre, et\u00a0aux multiples arrestations qui ont eu lieu, en scandant \u00ab\u00a0habsou el i3tiqualate yal 3issabate (arr\u00eatez les interpellations, bande de mafias)\u00a0\u00bb, et\u00a0ils\u00a0leur donnent rendez-vous le mardi prochain \u00ab\u00a0n\u2019har t\u2019lata ma\u00e2 el talaba (mardi on sera pr\u00e9sents avec les \u00e9tudiants)\u00a0\u00bb.<\/p>\n<p><iframe loading=\"lazy\" allow=\"accelerometer; autoplay; encrypted-media; gyroscope; picture-in-picture\" allowfullscreen=\"\" frameborder=\"0\" height=\"315\" src=\"https:\/\/www.youtube.com\/embed\/2nyqbp646f8\" width=\"560\">[embedded content]<\/iframe><\/p>\n<p class=\"c10\"><strong>Sihem BENMALEK<\/strong><\/p>\n<\/div>\n<div id=\"text_core\" readability=\"81\">\n<p>Des milliers de manifestants ont investi les rues de la capitale, aujourd\u2019hui, pour r\u00e9pondre pr\u00e9sent au 34e\u00a0vendredi de manifestation contre le syst\u00e8me.<\/p>\n<p>La marche a d\u00e9but\u00e9, peu avant midi, depuis la rue Khelifa Boukhalfa, d\u00e9sormais le lieu des premiers rassemblements des manifestants, et comme tous les vendredis, les acc\u00e8s au centre d\u2019Alger ont \u00e9t\u00e9 bloqu\u00e9s par un imposant dispositif de s\u00e9curit\u00e9, des agents de police ont m\u00eame quadrill\u00e9 la rue Khelifa Boukhalfa, \u00e0 proximit\u00e9 de la mosqu\u00e9e Errahma, afin de neutraliser les manifestants.<\/p>\n<p>En d\u00e9pit de tous les obstacles, le nombre de manifestants n\u2019a cess\u00e9 d\u2019augmenter, principalement\u00a0en d\u00e9but d\u2019apr\u00e8s-midi, en effet, une mar\u00e9e humaine descend de la rue Didouche Mourad en direction de la Grande Poste, et la place de 1er\u00a0mai est submerg\u00e9e de manifestants.<\/p>\n<p>Pour ce 34e\u00a0vendredi cons\u00e9cutif, les manifestants ont d\u2019abord r\u00e9it\u00e9r\u00e9 leur revendication pour l\u2019institution de la primaut\u00e9 du civil sur le militaire en scandant, \u00ab\u00a0dawla madania, machi a\u00e2skaria (\u00c9tat civil et non militaire)\u00a0\u00bb. Les protestataires ont, \u00e9galement, d\u00e9nonc\u00e9 les deux projets qui seront examin\u00e9s par le Conseil des ministres, dimanche prochain, \u00e0 savoir\u00a0la loi sur les hydrocarbures et la loi de finances 2020, en scandant \u00ab\u00a0Ba3tou leblad ya l\u2019khawana\u00a0\u00bb (vous avez vendu le pays, tra\u00eetres)\u00a0\u00bb.<\/p>\n<p><iframe loading=\"lazy\" allow=\"accelerometer; autoplay; encrypted-media; gyroscope; picture-in-picture\" allowfullscreen=\"\" frameborder=\"0\" height=\"315\" src=\"https:\/\/www.youtube.com\/embed\/iyCi-NwMD9c\" width=\"560\">[embedded content]<\/iframe><\/p>\n<p>Par ailleurs, les manifestants n\u2019ont pas manqu\u00e9 de soutenir les \u00e9tudiants suite\u00a0\u00e0 l\u2019annihilation de la marche du mardi 8 octobre, et\u00a0aux multiples arrestations qui ont eu lieu, en scandant \u00ab\u00a0habsou el i3tiqualate yal 3issabate (arr\u00eatez les interpellations, bande de mafias)\u00a0\u00bb, et\u00a0ils\u00a0leur donnent rendez-vous le mardi prochain \u00ab\u00a0n\u2019har t\u2019lata ma\u00e2 el talaba (mardi on sera pr\u00e9sents avec les \u00e9tudiants)\u00a0\u00bb.<\/p>\n<p><iframe loading=\"lazy\" allow=\"accelerometer; autoplay; encrypted-media; gyroscope; picture-in-picture\" allowfullscreen=\"\" frameborder=\"0\" height=\"315\" src=\"https:\/\/www.youtube.com\/embed\/2nyqbp646f8\" width=\"560\">[embedded content]<\/iframe><\/p>\n<p class=\"c10\"><strong>Sihem BENMALEK<\/strong><\/p>\n<\/div>\n<p>Auteur:<br \/>\n<a href=\"https:\/\/www.liberte-algerie.com\/actualite\/des-milliers-de-manifestants-dans-la-rue-325743\">Cliquez ici pour lire l&rsquo;article depuis sa source.<\/a><\/p>\n","protected":false},"excerpt":{"rendered":"<p>Des milliers de manifestants ont investi les rues de la capitale, aujourd\u2019hui, pour r\u00e9pondre pr\u00e9sent au 34e\u00a0vendredi de manifestation contre le syst\u00e8me. La marche a d\u00e9but\u00e9, peu avant midi, depuis la rue Khelifa Boukhalfa, d\u00e9sormais le lieu des premiers rassemblements des manifestants, et comme tous les vendredis, les acc\u00e8s au centre d\u2019Alger ont \u00e9t\u00e9 bloqu\u00e9s [&hellip;]<\/p>\n","protected":false},"author":1742,"featured_media":0,"comment_status":"closed","ping_status":"closed","sticky":false,"template":"","format":"standard","meta":{"fifu_image_url":"","fifu_image_alt":"","footnotes":""},"categories":[73,53],"tags":[],"class_list":["post-64054","post","type-post","status-publish","format-standard","hentry","category-actualite","category-algerie"],"_links":{"self":[{"href":"https:\/\/linitiative.ca\/International\/wp-json\/wp\/v2\/posts\/64054","targetHints":{"allow":["GET"]}}],"collection":[{"href":"https:\/\/linitiative.ca\/International\/wp-json\/wp\/v2\/posts"}],"about":[{"href":"https:\/\/linitiative.ca\/International\/wp-json\/wp\/v2\/types\/post"}],"author":[{"embeddable":true,"href":"https:\/\/linitiative.ca\/International\/wp-json\/wp\/v2\/users\/1742"}],"replies":[{"embeddable":true,"href":"https:\/\/linitiative.ca\/International\/wp-json\/wp\/v2\/comments?post=64054"}],"version-history":[{"count":0,"href":"https:\/\/linitiative.ca\/International\/wp-json\/wp\/v2\/posts\/64054\/revisions"}],"wp:attachment":[{"href":"https:\/\/linitiative.ca\/International\/wp-json\/wp\/v2\/media?parent=64054"}],"wp:term":[{"taxonomy":"category","embeddable":true,"href":"https:\/\/linitiative.ca\/International\/wp-json\/wp\/v2\/categories?post=64054"},{"taxonomy":"post_tag","embeddable":true,"href":"https:\/\/linitiative.ca\/International\/wp-json\/wp\/v2\/tags?post=64054"}],"curies":[{"name":"wp","href":"https:\/\/api.w.org\/{rel}","templated":true}]}}