{"id":64058,"date":"2019-10-11T13:55:46","date_gmt":"2019-10-11T17:55:46","guid":{"rendered":"https:\/\/linitiative.ca\/International\/un-nombre-record-dediteurs-au-salon-du-livre-m-retnani\/"},"modified":"2019-10-11T13:55:46","modified_gmt":"2019-10-11T17:55:46","slug":"un-nombre-record-dediteurs-au-salon-du-livre-m-retnani","status":"publish","type":"post","link":"https:\/\/linitiative.ca\/International\/un-nombre-record-dediteurs-au-salon-du-livre-m-retnani\/","title":{"rendered":"Un nombre record d\u2019\u00e9diteurs au Salon du Livre (M. Retnani)"},"content":{"rendered":"<p class=\"c1\">Le Salon Maghr\u00e9bin du Livre \u00ab\u00a0Lettres du Maghreb\u00a0\u00bb qui souffle cette ann\u00e9e sa troisi\u00e8me bougie, connait la participation d\u2019un nombre record d\u2019\u00e9diteurs, a indiqu\u00e9 le pr\u00e9sident de l\u2019Union professionnelle des \u00e9diteurs du Maroc (UPEM), Abdelkader Retnani.<\/p>\n<p class=\"c1\">Le Salon qui se tient du 9 au 13 octobre \u00e0\u00a0Oujda\u00a0sous le Haut patronage de SM le Roi Mohammed VI accueille plus de trente \u00e9diteurs marocains, trois alg\u00e9riens, deux tunisiens, deux belges, deux \u00e9gyptiens, un libanais, en plus d\u2019\u00e9diteurs de la France et du Cameroun, invit\u00e9 d\u2019honneur de cette \u00e9dition, a-t-il pr\u00e9cis\u00e9 dans une d\u00e9claration \u00e0 la MAP.<\/p>\n<p class=\"c1\">Et de poursuivre que les membres de la d\u00e9l\u00e9gation camerounaise qui comprend aussi dix \u00e9crivains et le secr\u00e9taire g\u00e9n\u00e9ral du minist\u00e8re des Arts et de la Culture sont d\u00e9j\u00e0 ravis de voir un v\u00e9ritable Salon avec des stands appropri\u00e9s et o\u00f9 rien n\u2019est laiss\u00e9 au hasard.<\/p>\n<p class=\"c1\">\u00ab\u00a0Ce qui est important c\u2019est que le livre est mis en valeur sur tous les stands, et c\u2019est l\u00e0 le pr\u00e9lude d\u2019une grande r\u00e9ussite de ce Salon\u00a0\u00bb, a dit M. Retnani.<\/p>\n<p class=\"c1\">Il a par ailleurs soulign\u00e9 que cette troisi\u00e8me \u00e9dition dont la th\u00e9matique est \u00ab\u00a0la transmission\u00a0\u00bb pr\u00e9voit quelque 36 tables rondes pour d\u00e9battre de ce sujet d\u2019actualit\u00e9 avec pratiquement la participation de quelque 250 \u00e9crivains de divers horizons, qui ont tous publi\u00e9 des livres et qui sont reconnus \u00e0 travers le monde.<\/p>\n<p class=\"c1\">Quatre jours durant, a-t-il encore ajout\u00e9, le public va assister \u00e0 des d\u00e9bats de tr\u00e8s haut niveau qui vont contribuer sans nul doute \u00e0 d\u00e9gager une v\u00e9ritable vision sur la culture en g\u00e9n\u00e9ral, et la transmission en particulier.<\/p>\n<p class=\"c1\">\u00ab\u00a0La transmission est au c\u0153ur du m\u00e9tier de l\u2019\u00e9diteur\u00a0\u00bb a insist\u00e9 le pr\u00e9sident de l\u2019Union professionnelle des \u00e9diteurs du Maroc, partenaire du Salon du livre d\u2019Oujda\u00a0qui accueille chercheurs, auteurs, \u00e9diteurs, libraires ainsi qu\u2019un public toujours plus enthousiaste.<\/p>\n<p class=\"c1\">\u00ab\u00a0Le fait de transmettre r\u00e9sonne en chacun d\u2019entre nous comme un souffle de vie. Et en tant qu\u2019\u00e9diteur comment ne pas y voir le souffle de vie du livre ?\u00a0\u00bb, \u00e9crit-il dans une note de pr\u00e9sentation de cette \u00e9dition.<\/p>\n<p class=\"c1\">Parlant toujours de la transmission, il rappelle l\u2019importance de la litt\u00e9rature jeunesse que le Salon du Livre, d\u00e8s sa toute premi\u00e8re \u00e9dition, a tenu \u00e0 int\u00e9grer au c\u0153ur de sa programmation.<\/p>\n<p class=\"c1\">\u00ab\u00a0En baignant dans un environnement o\u00f9 le livre est pr\u00e9sent, en faisant d\u00e9couvrir \u00e0 nos jeunes l\u2019objet livre dans toute sa magie, par toutes les possibilit\u00e9s qu\u2019il offre, nous en ferons de v\u00e9ritables relais pour la culture dans son sens le plus large\u00a0\u00bb, estime-t-il.<\/p>\n<p class=\"c1\">\u00ab\u00a0Lettres du Maghreb\u00a0\u00bb est con\u00e7u et organis\u00e9 depuis 2017 par l\u2019Agence de l\u2019Oriental, en coordination \u00e9troite avec ses partenaires, notamment le D\u00e9partement de la Culture et la Wilaya et le Conseil de la r\u00e9gion de l\u2019Oriental.<\/p>\n<p class=\"c1\">Outre le Salon au sens conventionnel o\u00f9 sont expos\u00e9s des livres selon les normes internationales de l\u2019\u00e9dition et de la mise en valeur de l\u2019\u00e9dition et de la lecture, figurent au programme un salon du livre jeunesse, un espace \u00e9veil \u00e0 la lecture pour les enfants, un espace m\u00e9tiers du livre et un caf\u00e9 litt\u00e9raire pour les d\u00e9dicaces et les rencontres avec les auteurs.<\/p>\n<p>Auteur: Soufiane ELAHMAR<br \/>\n<a href=\"http:\/\/www.mapoujda.ma\/fr\/un-nombre-record-dediteurs-au-salon-du-livre-m-retnani\/\">Cliquez ici pour lire l&rsquo;article depuis sa source.<\/a><\/p>\n","protected":false},"excerpt":{"rendered":"<p>Le Salon Maghr\u00e9bin du Livre \u00ab\u00a0Lettres du Maghreb\u00a0\u00bb qui souffle cette ann\u00e9e sa troisi\u00e8me bougie, connait la participation d\u2019un nombre record d\u2019\u00e9diteurs, a indiqu\u00e9 le pr\u00e9sident de l\u2019Union professionnelle des \u00e9diteurs du Maroc (UPEM), Abdelkader Retnani. Le Salon qui se tient du 9 au 13 octobre \u00e0\u00a0Oujda\u00a0sous le Haut patronage de SM le Roi Mohammed [&hellip;]<\/p>\n","protected":false},"author":1788,"featured_media":0,"comment_status":"closed","ping_status":"closed","sticky":false,"template":"","format":"standard","meta":{"fifu_image_url":"","fifu_image_alt":"","footnotes":""},"categories":[54,76],"tags":[],"class_list":["post-64058","post","type-post","status-publish","format-standard","hentry","category-maroc","category-regions"],"_links":{"self":[{"href":"https:\/\/linitiative.ca\/International\/wp-json\/wp\/v2\/posts\/64058","targetHints":{"allow":["GET"]}}],"collection":[{"href":"https:\/\/linitiative.ca\/International\/wp-json\/wp\/v2\/posts"}],"about":[{"href":"https:\/\/linitiative.ca\/International\/wp-json\/wp\/v2\/types\/post"}],"author":[{"embeddable":true,"href":"https:\/\/linitiative.ca\/International\/wp-json\/wp\/v2\/users\/1788"}],"replies":[{"embeddable":true,"href":"https:\/\/linitiative.ca\/International\/wp-json\/wp\/v2\/comments?post=64058"}],"version-history":[{"count":0,"href":"https:\/\/linitiative.ca\/International\/wp-json\/wp\/v2\/posts\/64058\/revisions"}],"wp:attachment":[{"href":"https:\/\/linitiative.ca\/International\/wp-json\/wp\/v2\/media?parent=64058"}],"wp:term":[{"taxonomy":"category","embeddable":true,"href":"https:\/\/linitiative.ca\/International\/wp-json\/wp\/v2\/categories?post=64058"},{"taxonomy":"post_tag","embeddable":true,"href":"https:\/\/linitiative.ca\/International\/wp-json\/wp\/v2\/tags?post=64058"}],"curies":[{"name":"wp","href":"https:\/\/api.w.org\/{rel}","templated":true}]}}