{"id":64060,"date":"2019-10-11T05:20:00","date_gmt":"2019-10-11T09:20:00","guid":{"rendered":"https:\/\/linitiative.ca\/International\/sp-releve-aussi-la-perspective-de-la-note-de-locp\/"},"modified":"2019-10-11T05:20:00","modified_gmt":"2019-10-11T09:20:00","slug":"sp-releve-aussi-la-perspective-de-la-note-de-locp","status":"publish","type":"post","link":"https:\/\/linitiative.ca\/International\/sp-releve-aussi-la-perspective-de-la-note-de-locp\/","title":{"rendered":"S&amp;P rel\u00e8ve aussi la perspective de la note de l\u2019OCP"},"content":{"rendered":"<p class=\"rtejustify\">Not\u00e9 BBB-, le groupe OCP a vu la perspective qui y est adoss\u00e9e passer de n\u00e9gative \u00e0 stable. C\u2019est la cons\u00e9quence directe du rel\u00e8vement de la perspective de la note souveraine. Le maintien du rating lui-m\u00eame refl\u00e8te \u00abla capacit\u00e9 de l\u2019OCP \u00e0 maintenir des niveaux de rentabilit\u00e9 \u00e9lev\u00e9s malgr\u00e9 les r\u00e9cents ralentissements cycliques du march\u00e9 des phosphates. Sa pr\u00e9sence sur toute la cha\u00eene de valeur lui offre une flexibilit\u00e9 en termes de mix de production pour optimiser les marges entre les produits. De plus, sa position de co\u00fbt favorable et plusieurs d\u00e9cisions strat\u00e9giques visant \u00e0 am\u00e9liorer l\u2019efficacit\u00e9 op\u00e9rationnelle soutiendront la marge d\u2019Ebitda\u00bb, estiment les analystes.<\/p>\n<p class=\"rtejustify\"><em>F.Fa<\/em><\/p>\n<p>Auteur: hlafriqi<br \/>\n<a href=\"https:\/\/www.leconomiste.com\/article\/1051543-sp-releve-aussi-la-perspective-de-la-note-de-l-ocp\">Cliquez ici pour lire l&rsquo;article depuis sa source.<\/a><\/p>\n","protected":false},"excerpt":{"rendered":"<p>Not\u00e9 BBB-, le groupe OCP a vu la perspective qui y est adoss\u00e9e passer de n\u00e9gative \u00e0 stable. C\u2019est la cons\u00e9quence directe du rel\u00e8vement de la perspective de la note souveraine. Le maintien du rating lui-m\u00eame refl\u00e8te \u00abla capacit\u00e9 de l\u2019OCP \u00e0 maintenir des niveaux de rentabilit\u00e9 \u00e9lev\u00e9s malgr\u00e9 les r\u00e9cents ralentissements cycliques du march\u00e9 [&hellip;]<\/p>\n","protected":false},"author":1763,"featured_media":0,"comment_status":"closed","ping_status":"closed","sticky":false,"template":"","format":"standard","meta":{"fifu_image_url":"","fifu_image_alt":"","footnotes":""},"categories":[78,54],"tags":[],"class_list":["post-64060","post","type-post","status-publish","format-standard","hentry","category-economie","category-maroc"],"_links":{"self":[{"href":"https:\/\/linitiative.ca\/International\/wp-json\/wp\/v2\/posts\/64060","targetHints":{"allow":["GET"]}}],"collection":[{"href":"https:\/\/linitiative.ca\/International\/wp-json\/wp\/v2\/posts"}],"about":[{"href":"https:\/\/linitiative.ca\/International\/wp-json\/wp\/v2\/types\/post"}],"author":[{"embeddable":true,"href":"https:\/\/linitiative.ca\/International\/wp-json\/wp\/v2\/users\/1763"}],"replies":[{"embeddable":true,"href":"https:\/\/linitiative.ca\/International\/wp-json\/wp\/v2\/comments?post=64060"}],"version-history":[{"count":0,"href":"https:\/\/linitiative.ca\/International\/wp-json\/wp\/v2\/posts\/64060\/revisions"}],"wp:attachment":[{"href":"https:\/\/linitiative.ca\/International\/wp-json\/wp\/v2\/media?parent=64060"}],"wp:term":[{"taxonomy":"category","embeddable":true,"href":"https:\/\/linitiative.ca\/International\/wp-json\/wp\/v2\/categories?post=64060"},{"taxonomy":"post_tag","embeddable":true,"href":"https:\/\/linitiative.ca\/International\/wp-json\/wp\/v2\/tags?post=64060"}],"curies":[{"name":"wp","href":"https:\/\/api.w.org\/{rel}","templated":true}]}}