{"id":64061,"date":"2019-10-11T05:30:00","date_gmt":"2019-10-11T09:30:00","guid":{"rendered":"https:\/\/linitiative.ca\/International\/football-un-match-international-a-oujda-40-ans-apres\/"},"modified":"2019-10-11T05:30:00","modified_gmt":"2019-10-11T09:30:00","slug":"football-un-match-international-a-oujda-40-ans-apres","status":"publish","type":"post","link":"https:\/\/linitiative.ca\/International\/football-un-match-international-a-oujda-40-ans-apres\/","title":{"rendered":"Football: Un match international \u00e0 Oujda&#8230; 40 ans apr\u00e8s!"},"content":{"rendered":"<div readability=\"40\">\n<p>Les premi\u00e8res rencontres s&rsquo;\u00e9taient d\u00e9roul\u00e9es en 1961 (Libye) et en 1979 (Bastia)<\/p>\n<p>Le match retour Maroc\/Alg\u00e9rie se jouera, lui, \u00e0 Berkane<\/p>\n<p>Guichets ferm\u00e9s, march\u00e9 noir et rattrapage de derni\u00e8re minute pour \u00e9quiper le stade aux normes FIFA<\/p>\n<\/div>\n<div readability=\"92.8477765108\">\n<div class=\"dnd-atom-wrapper type-image context-sdl_editor_representation\" contenteditable=\"false\" readability=\"31.5\">\n<div class=\"dnd-drop-wrapper image\"><img loading=\"lazy\" decoding=\"async\" typeof=\"foaf:Image\" class=\"img-responsive\" src=\"https:\/\/www.leconomiste.com\/sites\/default\/files\/eco7\/public\/thumbnails\/image\/oujda-matchs-011.jpg\" width=\"660\" height=\"330\" alt=\"oujda-matchs-011.jpg\" title=\"oujda-matchs-011.jpg\"\/><\/div>\n<div class=\"dnd-legend-wrapper\" contenteditable=\"true\" readability=\"8\">\n<p class=\"rtejustify\">Les pr\u00e9paratifs sont en phase finale pour doter le complexe d\u2019Oujda de panneaux de bord \u00e9lectroniques et d\u2019un tableau d\u2019affichage\u00a0 <em>(Ph. A.K)<\/em><\/p>\n<\/div>\n<\/div>\n<p class=\"rtejustify\">Il a fallu 40 ans pour que l&rsquo;Oriental accueille \u00e0 nouveau des rencontres internationales de football. Pour ceux qui s&rsquo;en souviennent encore, le premier match a eu lieu en septembre 1961 \u00e0 Oujda opposant le Maroc \u00e0 la Libye (6\/0) et le second en 1979, toujours dans la m\u00eame ville, o\u00f9 le Maroc a disput\u00e9 une rencontre avec le Sporting Club Bastia (1\/1).<\/p>\n<p class=\"rtejustify\">Et ce n&rsquo;est que ce vendredi 11 octobre 2019 que le prodige va enfin se reproduire. D&rsquo;abord au complexe sportif d\u2019Oujda, o\u00f9 le premier match mettra aux prises la s\u00e9lection nationale A avec son homologue libyenne. Cette rencontre est programm\u00e9e dans le cadre d\u2019un stage de pr\u00e9paration aux \u00e9liminatoires de la Coupe d\u2019Afrique des Nations 2021. De son c\u00f4t\u00e9, le stade municipal de Berkane abritera (19 octobre) le match retour de l\u2019\u00e9quipe nationale locale et l\u2019\u00e9quipe alg\u00e9rienne dans un match comptant pour les \u00e9liminatoires du CHAN 2020.<\/p>\n<p class=\"rtejustify\">Le public est, lui, tout excit\u00e9 par cette rencontre. Maillots de l&rsquo;\u00e9quipe nationale et drapeaux se vendent \u00e0 tous les coins de rue, et 3 jours avant la rencontre, les billets \u00e9taient d\u00e9j\u00e0 \u00e9puis\u00e9s. Certains se vendaient au march\u00e9 noir au triple, voire au quadruple de leur prix initial (300 DH au lieu de 100, 120 DH au lieu de 30&#8230;). Une anarchie qui risque de perturber le d\u00e9roulement de la rencontre, et sur laquelle la persuasion des forces de l&rsquo;ordre est attendue.<\/p>\n<p class=\"rtejustify\">De leur c\u00f4t\u00e9, les ultras, tout \u00e0 leur joie, s&rsquo;activent. Ils pr\u00e9parent tifos en 3D, animations color\u00e9es et chants de soutien aux Lions de l\u2019Atlas. D\u2019autres supporters, aussi emport\u00e9s par la liesse, sugg\u00e8rent \u00e0 la FRMF de programmer d\u2019autres rencontres de l\u2019\u00e9quipe nationale (EN) \u00e0 Oujda. \u00abIl est temps que la f\u00e9d\u00e9ration organise les rencontres de l\u2019EN dans l\u2019ensemble des villes du Royaume au lieu de se limiter \u00e0 deux ou trois\u00bb, confient-ils \u00e0 L\u2019\u00c9conomiste.<\/p>\n<div class=\"dnd-atom-wrapper type-image context-sdl_editor_representation\" contenteditable=\"false\" readability=\"32.5\">\n<div class=\"dnd-drop-wrapper image\"><img loading=\"lazy\" decoding=\"async\" typeof=\"foaf:Image\" class=\"img-responsive\" src=\"https:\/\/www.leconomiste.com\/sites\/default\/files\/eco7\/public\/thumbnails\/image\/billet-oujda-011.jpg\" width=\"800\" height=\"496\" alt=\"billet-oujda-011.jpg\" title=\"billet-oujda-011.jpg\"\/><\/div>\n<div class=\"dnd-legend-wrapper\" contenteditable=\"true\" readability=\"10\">\n<p class=\"rtejustify\">La rencontre sera jou\u00e9e \u00e0 guichets ferm\u00e9s. C\u2019est ce qu\u2019explique cette annonce affich\u00e9e au stade municipal d\u2019Oujda. Idem pour tous les points de vente, litt\u00e9ralement pris d\u2019assaut\u00a0 <em>(Ph A.K)<\/em><\/p>\n<\/div>\n<\/div>\n<p class=\"rtejustify\">Bref, un match de foot qui se transforme en grande f\u00eate populaire au bonheur de tous. Ces manifestations internationales repr\u00e9sentent aussi une v\u00e9ritable aubaine pour ces deux villes plut\u00f4t tranquilles, en manque d&rsquo;activit\u00e9s, et dont l&rsquo;image n\u00e9cessite un s\u00e9rieux coup de pouce. Elles pourraient se positionner dans les radars internationaux comme destinations sportives dot\u00e9es d\u2019importantes infrastructures en la mati\u00e8re.<\/p>\n<p class=\"rtejustify\">Pari pas encore gagn\u00e9, sachant que si les \u00e9quipements sont bel et bien finis, ils ne sont pas encore dimensionn\u00e9s pour accueillir des comp\u00e9titions internationales. A J-2, les responsables en \u00e9taient encore \u00e0 livrer une course acharn\u00e9e contre la montre pour \u00e9quiper le complexe d\u2019honneur d\u2019Oujda de panneaux \u00e9lectroniques, d\u2019un tableau d\u2019affichage imposant, de bancs de rempla\u00e7ants aux normes internationales et d\u2019une piste homologu\u00e9e. Et, et, et&#8230; de salles de conf\u00e9rence et de presse \u00e9quip\u00e9es aux standards exig\u00e9s par la FIFA.<\/p>\n<p class=\"rtejustify\">Une mise \u00e0 niveau qui n\u00e9cessite un engagement suppl\u00e9mentaire de la F\u00e9d\u00e9ration royale marocaine de football (FRMF) et du minist\u00e8re de la Jeunesse et Sports, alors que les travaux de r\u00e9fection viennent \u00e0 peine d&rsquo;\u00eatre achev\u00e9s&#8230; <a href=\"https:\/\/leconomiste.com\/archive\/edition\/5601\" target=\"_blank\" rel=\"noopener noreferrer\"><span class=\"c4\"><strong><em>(cf. notre \u00e9dition N\u00b0 5601 du 26\/09\/2019)<\/em><\/strong><\/span><\/a>.<\/p>\n<p class=\"rtejustify\">\u00a0<\/p>\n<p class=\"rtejustify\">\u00a0<\/p>\n<\/div>\n<p>Auteur: hlafriqi<br \/>\n<a href=\"https:\/\/www.leconomiste.com\/article\/1051534-football-un-match-international-oujda-40-ans-apres\">Cliquez ici pour lire l&rsquo;article depuis sa source.<\/a><\/p>\n","protected":false},"excerpt":{"rendered":"<p>Les premi\u00e8res rencontres s&rsquo;\u00e9taient d\u00e9roul\u00e9es en 1961 (Libye) et en 1979 (Bastia) Le match retour Maroc\/Alg\u00e9rie se jouera, lui, \u00e0 Berkane Guichets ferm\u00e9s, march\u00e9 noir et rattrapage de derni\u00e8re minute pour \u00e9quiper le stade aux normes FIFA Les pr\u00e9paratifs sont en phase finale pour doter le complexe d\u2019Oujda de panneaux de bord \u00e9lectroniques et d\u2019un [&hellip;]<\/p>\n","protected":false},"author":1763,"featured_media":64062,"comment_status":"closed","ping_status":"closed","sticky":false,"template":"","format":"standard","meta":{"fifu_image_url":"","fifu_image_alt":"","footnotes":""},"categories":[78,54],"tags":[],"class_list":["post-64061","post","type-post","status-publish","format-standard","has-post-thumbnail","hentry","category-economie","category-maroc"],"_links":{"self":[{"href":"https:\/\/linitiative.ca\/International\/wp-json\/wp\/v2\/posts\/64061","targetHints":{"allow":["GET"]}}],"collection":[{"href":"https:\/\/linitiative.ca\/International\/wp-json\/wp\/v2\/posts"}],"about":[{"href":"https:\/\/linitiative.ca\/International\/wp-json\/wp\/v2\/types\/post"}],"author":[{"embeddable":true,"href":"https:\/\/linitiative.ca\/International\/wp-json\/wp\/v2\/users\/1763"}],"replies":[{"embeddable":true,"href":"https:\/\/linitiative.ca\/International\/wp-json\/wp\/v2\/comments?post=64061"}],"version-history":[{"count":0,"href":"https:\/\/linitiative.ca\/International\/wp-json\/wp\/v2\/posts\/64061\/revisions"}],"wp:featuredmedia":[{"embeddable":true,"href":"https:\/\/linitiative.ca\/International\/wp-json\/"}],"wp:attachment":[{"href":"https:\/\/linitiative.ca\/International\/wp-json\/wp\/v2\/media?parent=64061"}],"wp:term":[{"taxonomy":"category","embeddable":true,"href":"https:\/\/linitiative.ca\/International\/wp-json\/wp\/v2\/categories?post=64061"},{"taxonomy":"post_tag","embeddable":true,"href":"https:\/\/linitiative.ca\/International\/wp-json\/wp\/v2\/tags?post=64061"}],"curies":[{"name":"wp","href":"https:\/\/api.w.org\/{rel}","templated":true}]}}