{"id":64065,"date":"2019-10-11T06:15:00","date_gmt":"2019-10-11T10:15:00","guid":{"rendered":"https:\/\/linitiative.ca\/International\/cafe-contamine-le-danger-guette\/"},"modified":"2019-10-11T06:15:00","modified_gmt":"2019-10-11T10:15:00","slug":"cafe-contamine-le-danger-guette","status":"publish","type":"post","link":"https:\/\/linitiative.ca\/International\/cafe-contamine-le-danger-guette\/","title":{"rendered":"Caf\u00e9 contamin\u00e9:  Le danger guette!"},"content":{"rendered":"<div class=\"dnd-atom-wrapper type-image context-sdl_editor_representation atom-align-right\" contenteditable=\"false\">\n<div class=\"dnd-drop-wrapper image\"><img loading=\"lazy\" decoding=\"async\" typeof=\"foaf:Image\" class=\"img-responsive\" src=\"https:\/\/www.leconomiste.com\/sites\/default\/files\/eco7\/public\/thumbnails\/image\/cari_cl_011_0.jpg\" width=\"425\" height=\"309\" alt=\"cari_cl_011.jpg\" title=\"cari_cl_011.jpg\"\/><\/div>\n<\/div>\n<p class=\"rtejustify\">Le caf\u00e9 import\u00e9 au Maroc peut contenir du glyphosate, une substance susceptible de provoquer le cancer chez ses consommateurs. Pour \u00e9viter le pire, l\u2019Office national de s\u00e9curit\u00e9 sanitaire des produits alimentaires (ONSSA) d\u00e9cide de renforcer ses mesures de contr\u00f4le. Une situation qui inqui\u00e8te quelque peu nos lecteurs\u2026 <a href=\"https:\/\/leconomiste.com\/archive\/edition\/5603\" target=\"_blank\" rel=\"noopener noreferrer\"><span class=\"c4\"><strong><em>(cf. notre \u00e9dition du 30 \/09 \/2019)\u00a0<\/em><\/strong><\/span><\/a><\/p>\n<p class=\"rtejustify\"><strong>\u25a0 Tout produit entrant doit \u00eatre contr\u00f4l\u00e9!<\/strong><br \/>Tout produit agricole ou alimentaire d&rsquo;origine animale et v\u00e9g\u00e9tale ne peut p\u00e9n\u00e9trer sur le territoire national sans \u00eatre accompagn\u00e9 des documents sanitaires exig\u00e9s sous nos latitudes. Le Maroc se r\u00e9serve par ailleurs le droit de proc\u00e9der, sur son territoire, aux analyses n\u00e9cessaires sur ces produits dans le cas d\u2019une importation. Les m\u00eames r\u00e8gles s&rsquo;appliquent aux animaux vivants et aux plantes destin\u00e9es \u00e0 \u00eatre plant\u00e9es! C&rsquo;est la r\u00e8gle internationale, exprim\u00e9e de mani\u00e8re succincte, que tout service qui se respecte doit appliquer pour prot\u00e9ger sa population et ses patrimoines animaux et v\u00e9g\u00e9taux.<br \/><em>Sedrati<\/em><\/p>\n<p class=\"rtejustify\"><strong>\u25a0 L\u2019Onssa comme gendarme<\/strong><br \/>En pratique, aucune directive ne stipule encore l&rsquo;obligation de mention de produits de traitement chimiques dans les cultures non bio. C&rsquo;est \u00e0 l&rsquo;Onssa de faire le n\u00e9cessaire quand il y a suspicion\u2026<br \/><em>Omar<\/em><\/p>\n<p class=\"rtejustify\"><strong>\u25a0 Se m\u00e9fier aussi des mycotoxines<\/strong><br \/>Normalement, le caf\u00e9 n&rsquo;\u00e9tant pas cultiv\u00e9 au Maroc, la pr\u00e9sence de r\u00e9sidus de glyphosate ou de tout autre pesticide ne devrait \u00eatre accept\u00e9e qu&rsquo;\u00e0 condition de ne pas d\u00e9passer la limite autoris\u00e9e. Pour le cas du caf\u00e9, il faudrait plut\u00f4t s\u2019inqui\u00e9ter de la pr\u00e9sence de mycotoxines dont les effets sur la sant\u00e9 peuvent s&rsquo;av\u00e9rer pr\u00e9judiciables \u00e0 des doses infinit\u00e9simales.<br \/><em>Para_Dox<\/em><\/p>\n<p class=\"rtecenter\"><em><strong><u>\u00a0\u00a0\u00a0\u00a0\u00a0\u00a0\u00a0\u00a0\u00a0\u00a0\u00a0\u00a0\u00a0\u00a0\u00a0\u00a0\u00a0\u00a0\u00a0\u00a0\u00a0\u00a0\u00a0\u00a0\u00a0\u00a0\u00a0\u00a0\u00a0\u00a0\u00a0\u00a0\u00a0\u00a0\u00a0\u00a0\u00a0\u00a0\u00a0\u00a0\u00a0\u00a0\u00a0\u00a0\u00a0\u00a0\u00a0\u00a0\u00a0\u00a0\u00a0\u00a0\u00a0\u00a0\u00a0\u00a0\u00a0\u00a0\u00a0\u00a0\u00a0\u00a0\u00a0\u00a0\u00a0\u00a0\u00a0\u00a0\u00a0\u00a0\u00a0\u00a0\u00a0\u00a0<\/u><\/strong><\/em><\/p>\n<p class=\"rtecenter\"><strong>Douches ambulantes: Une nouvelle vie pour les sans-abri!<\/strong><\/p>\n<div class=\"dnd-atom-wrapper type-image context-sdl_editor_representation\" contenteditable=\"false\">\n<div class=\"dnd-drop-wrapper image\"><img loading=\"lazy\" decoding=\"async\" typeof=\"foaf:Image\" class=\"img-responsive\" src=\"https:\/\/www.leconomiste.com\/sites\/default\/files\/eco7\/public\/thumbnails\/image\/douche-ambulants-011.jpg\" width=\"660\" height=\"330\" alt=\"douche-ambulants-011.jpg\" title=\"douche-ambulants-011.jpg\"\/><\/div>\n<\/div>\n<p class=\"rtejustify\">Un camion-douche pour les sans-abri. C\u2019est le projet innovant et original de l\u2019association Jood. A compter de d\u00e9cembre prochain, le v\u00e9hicule sillonnera les communes de Casablanca, permettant aux n\u00e9cessiteux de prendre une douche, se raser et s\u2019habiller d\u00e9cemment. Une id\u00e9e qui a s\u00e9duit bon nombre de nos lecteurs\u2026 <a href=\"https:\/\/leconomiste.com\/archive\/edition\/5602\" target=\"_blank\" rel=\"noopener noreferrer\"><span class=\"c4\"><strong><em>(cf. notre \u00e9dition du 27 \/09 \/2019)\u00a0<\/em><\/strong><\/span><\/a><\/p>\n<p class=\"rtejustify\"><strong>\u25a0 Un gain d\u2019espoir pour ceux qui n\u2019ont rien<\/strong><br \/>Une initiative \u00e0 applaudir et \u00e0 encourager fortement! Elle participera sans doute \u00e0 redonner de l&rsquo;espoir \u00e0 un grand nombre de sans-abri.<br \/><em>Abderrazak<\/em><\/p>\n<p class=\"rtejustify\"><strong>\u25a0 Sensibiliser sur les lieux de vie aussi!<\/strong><br \/>Tr\u00e8s bonne id\u00e9e! Cependant, et par la m\u00eame occasion, il faudrait aussi sensibiliser les sans-abri sur l&rsquo;hygi\u00e8ne et la propret\u00e9 des endroits qu\u2019ils occupent et de leurs lieux de vie\u2026<br \/><u>Youssef<\/u><\/p>\n<p class=\"rtecenter\"><em><strong><u>\u00a0\u00a0\u00a0\u00a0\u00a0\u00a0\u00a0\u00a0\u00a0\u00a0\u00a0\u00a0\u00a0\u00a0\u00a0\u00a0\u00a0\u00a0\u00a0\u00a0\u00a0\u00a0\u00a0\u00a0\u00a0\u00a0\u00a0\u00a0\u00a0\u00a0\u00a0\u00a0\u00a0\u00a0\u00a0\u00a0\u00a0\u00a0\u00a0\u00a0\u00a0\u00a0\u00a0\u00a0\u00a0\u00a0\u00a0\u00a0\u00a0\u00a0\u00a0\u00a0\u00a0\u00a0\u00a0\u00a0\u00a0\u00a0\u00a0\u00a0\u00a0\u00a0\u00a0\u00a0\u00a0\u00a0\u00a0\u00a0\u00a0\u00a0\u00a0\u00a0\u00a0\u00a0<\/u><\/strong><\/em><\/p>\n<p class=\"rtecenter\"><strong>Et d\u2019autres r\u00e9actions<\/strong><\/p>\n<p class=\"rtejustify\"><strong>\u25a0 Transport urbain: Un successeur de derni\u00e8re minute pour M\u2019dina Bus!<\/strong><br \/>On savait depuis plusieurs ann\u00e9es que le contrat de M\u2019dina Bus ne serait pas renouvel\u00e9 et il a pourtant fallu attendre les derniers jours pour d\u00e9cider de l\u2019identit\u00e9 de la nouvelle soci\u00e9t\u00e9 charg\u00e9e de la gestion du\u00a0 transport urbain casablancais. Tout porte \u00e0 croire que nos responsables n\u2019y connaissent absolument rien en mati\u00e8re de pr\u00e9vision! Il serait donc grand temps d\u2019engager des experts pour apprendre \u00e0 ces dirigeants le fonctionnement de l\u2019organisation du syst\u00e8me urbain dans une m\u00e9tropole telle que Casablanca!<br \/>A titre de comparaison, dans les ann\u00e9es 1950, les responsables n\u2019attendaient pas la derni\u00e8re minute pour se d\u00e9cider\u2026 C\u2019est r\u00e9voltant!<br \/>B.S.<\/p>\n<p class=\"rtejustify\"><strong>\u25a0 Saisie de drogue \u00e0 Guelmim: Un subterfuge bien trouv\u00e9<\/strong><br \/>Faire la guerre \u00e0 la drogue consomm\u00e9e par les pauvres &#8211; par ailleurs consid\u00e9r\u00e9e comme un rem\u00e8de \u00e0 de nombreux maux de notre \u00e9poque dans de nombreux pays &#8211; n&rsquo;est qu&rsquo;un subterfuge pour masquer l&rsquo;inefficacit\u00e9 des autorit\u00e9s responsables face aux importations de ces produits. Cette m\u00e9diatisation volontaire permet \u00e9galement de faire oublier la consommation massive de psychotropes et de drogues dures par la pseudo \u00e9lite de notre soci\u00e9t\u00e9\u2026<br \/><em>C.R.<\/em><\/p>\n<p class=\"rtejustify\"><strong>\u25a0 Prisonniers: Faites-les travailler!<\/strong><\/p>\n<div class=\"dnd-atom-wrapper type-image context-sdl_editor_representation\" contenteditable=\"false\">\n<div class=\"dnd-drop-wrapper image\"><img loading=\"lazy\" decoding=\"async\" typeof=\"foaf:Image\" class=\"img-responsive\" src=\"https:\/\/www.leconomiste.com\/sites\/default\/files\/eco7\/public\/thumbnails\/image\/prisons-arrestation-011.jpg\" width=\"660\" height=\"330\" alt=\"prisons-arrestation-011.jpg\" title=\"prisons-arrestation-011.jpg\"\/><\/div>\n<\/div>\n<p class=\"rtejustify\">94,7% des recherch\u00e9s ont commis un crime \u00e0 cause de l\u2019absence d\u2019aide des autorit\u00e9s gouvernementales apr\u00e8s leur lib\u00e9ration. Partant d\u2019un tel constant, des travaux d&rsquo;utilit\u00e9 publique &#8211; \u00e0 la fois instructifs et utiles &#8211; permettraient aux prisonniers de r\u00e9fl\u00e9chir \u00e0 leurs actes et de couvrir les frais de leur emprisonnement. Ces derniers ne doivent pas \u00eatre support\u00e9s par le contribuable, qui se retrouve en fait doublement puni!<\/p>\n<p class=\"rtejustify\"><em>C.R.<\/em><\/p>\n<p>Auteur: hlafriqi<br \/>\n<a href=\"https:\/\/www.leconomiste.com\/article\/1051538-cafe-contamine-le-danger-guette\">Cliquez ici pour lire l&rsquo;article depuis sa source.<\/a><\/p>\n","protected":false},"excerpt":{"rendered":"<p>Le caf\u00e9 import\u00e9 au Maroc peut contenir du glyphosate, une substance susceptible de provoquer le cancer chez ses consommateurs. Pour \u00e9viter le pire, l\u2019Office national de s\u00e9curit\u00e9 sanitaire des produits alimentaires (ONSSA) d\u00e9cide de renforcer ses mesures de contr\u00f4le. Une situation qui inqui\u00e8te quelque peu nos lecteurs\u2026 (cf. notre \u00e9dition du 30 \/09 \/2019)\u00a0 \u25a0 [&hellip;]<\/p>\n","protected":false},"author":1763,"featured_media":64066,"comment_status":"closed","ping_status":"closed","sticky":false,"template":"","format":"standard","meta":{"fifu_image_url":"","fifu_image_alt":"","footnotes":""},"categories":[78,54],"tags":[],"class_list":["post-64065","post","type-post","status-publish","format-standard","has-post-thumbnail","hentry","category-economie","category-maroc"],"_links":{"self":[{"href":"https:\/\/linitiative.ca\/International\/wp-json\/wp\/v2\/posts\/64065","targetHints":{"allow":["GET"]}}],"collection":[{"href":"https:\/\/linitiative.ca\/International\/wp-json\/wp\/v2\/posts"}],"about":[{"href":"https:\/\/linitiative.ca\/International\/wp-json\/wp\/v2\/types\/post"}],"author":[{"embeddable":true,"href":"https:\/\/linitiative.ca\/International\/wp-json\/wp\/v2\/users\/1763"}],"replies":[{"embeddable":true,"href":"https:\/\/linitiative.ca\/International\/wp-json\/wp\/v2\/comments?post=64065"}],"version-history":[{"count":0,"href":"https:\/\/linitiative.ca\/International\/wp-json\/wp\/v2\/posts\/64065\/revisions"}],"wp:featuredmedia":[{"embeddable":true,"href":"https:\/\/linitiative.ca\/International\/wp-json\/"}],"wp:attachment":[{"href":"https:\/\/linitiative.ca\/International\/wp-json\/wp\/v2\/media?parent=64065"}],"wp:term":[{"taxonomy":"category","embeddable":true,"href":"https:\/\/linitiative.ca\/International\/wp-json\/wp\/v2\/categories?post=64065"},{"taxonomy":"post_tag","embeddable":true,"href":"https:\/\/linitiative.ca\/International\/wp-json\/wp\/v2\/tags?post=64065"}],"curies":[{"name":"wp","href":"https:\/\/api.w.org\/{rel}","templated":true}]}}