{"id":64067,"date":"2019-10-11T15:14:41","date_gmt":"2019-10-11T19:14:41","guid":{"rendered":"https:\/\/linitiative.ca\/International\/equipe-dalgerie-mahrez-on-a-fourni-un-bon-rendement-en-premiere-mi-temps-mais\/"},"modified":"2019-10-11T15:14:41","modified_gmt":"2019-10-11T19:14:41","slug":"equipe-dalgerie-mahrez-on-a-fourni-un-bon-rendement-en-premiere-mi-temps-mais","status":"publish","type":"post","link":"https:\/\/linitiative.ca\/International\/equipe-dalgerie-mahrez-on-a-fourni-un-bon-rendement-en-premiere-mi-temps-mais\/","title":{"rendered":"Equipe d&rsquo;Alg\u00e9rie : Mahrez : \u00abOn a fourni un bon rendement en premi\u00e8re mi-temps, mais\u2026\u00bb"},"content":{"rendered":"<div readability=\"32\">\n<p>Auteur : <span class=\"time\">vendredi 11 octobre 2019 10:55<\/span><\/p>\n<\/div>\n<div id=\"post_core\" readability=\"42\">\n<p>Ryad Mahrez est revenu sur ce match amical disput\u00e9 jeudi soir au stade Mustapha Tchaker contre la RD Congo\u00a0:\u00a0\u00abLa rencontre a \u00e9t\u00e9 bonne contre une \u00e9quipe tr\u00e8s forte, et nous avons pu montrer de bonnes choses durant la partie. Certes, on n\u2019a pu gagner ce match, mais par contre on n\u2019a pas perdu, ce qui est une chose importante. On a fourni un bon rendement en premi\u00e8re mi-temps, mais nous avons conc\u00e9d\u00e9 un but qui a chang\u00e9 la physionomie de la rencontre. Nous avons jou\u00e9 contre une \u00e9quipe compl\u00e9mentaire avec de bons joueurs. Cette rencontre nous sera b\u00e9n\u00e9fique. Quant \u00e0 la seconde rencontre amicale contre la Colombie, elle sera diff\u00e9rente comparativement aux matchs contre des \u00e9quipes africaines. Comme d\u2019habitude, nous allons pr\u00e9parer tr\u00e8s s\u00e9rieusement cette sortie pour qu\u2019on soit au bon niveau et qu\u2019on r\u00e9alise un r\u00e9sultat positif.\u00bb<\/p>\n<p><strong>Publi\u00e9 dans :<\/strong> <span>Mahrez<\/span><\/p>\n<\/div>\n<p>Auteur:<br \/>\n<a href=\"http:\/\/www.lebuteur.com\/article\/detail?titre=mahrez-on-a-fourni-un-bon-rendement-en-premiere-mi-temps-mais%E2%80%A6&#038;id=92254&#038;utm_source=feedburner&#038;utm_medium=feed&#038;utm_campaign=Feed%3A+GalerieFArtciles+%28Les+derniers+articles++-+lebuteur.com%29\">Cliquez ici pour lire l&rsquo;article depuis sa source.<\/a><\/p>\n","protected":false},"excerpt":{"rendered":"<p>Auteur : vendredi 11 octobre 2019 10:55 Ryad Mahrez est revenu sur ce match amical disput\u00e9 jeudi soir au stade Mustapha Tchaker contre la RD Congo\u00a0:\u00a0\u00abLa rencontre a \u00e9t\u00e9 bonne contre une \u00e9quipe tr\u00e8s forte, et nous avons pu montrer de bonnes choses durant la partie. Certes, on n\u2019a pu gagner ce match, mais par [&hellip;]<\/p>\n","protected":false},"author":1738,"featured_media":64068,"comment_status":"closed","ping_status":"closed","sticky":false,"template":"","format":"standard","meta":{"fifu_image_url":"","fifu_image_alt":"","footnotes":""},"categories":[53,75],"tags":[],"class_list":["post-64067","post","type-post","status-publish","format-standard","has-post-thumbnail","hentry","category-algerie","category-sport"],"_links":{"self":[{"href":"https:\/\/linitiative.ca\/International\/wp-json\/wp\/v2\/posts\/64067","targetHints":{"allow":["GET"]}}],"collection":[{"href":"https:\/\/linitiative.ca\/International\/wp-json\/wp\/v2\/posts"}],"about":[{"href":"https:\/\/linitiative.ca\/International\/wp-json\/wp\/v2\/types\/post"}],"author":[{"embeddable":true,"href":"https:\/\/linitiative.ca\/International\/wp-json\/wp\/v2\/users\/1738"}],"replies":[{"embeddable":true,"href":"https:\/\/linitiative.ca\/International\/wp-json\/wp\/v2\/comments?post=64067"}],"version-history":[{"count":0,"href":"https:\/\/linitiative.ca\/International\/wp-json\/wp\/v2\/posts\/64067\/revisions"}],"wp:featuredmedia":[{"embeddable":true,"href":"https:\/\/linitiative.ca\/International\/wp-json\/"}],"wp:attachment":[{"href":"https:\/\/linitiative.ca\/International\/wp-json\/wp\/v2\/media?parent=64067"}],"wp:term":[{"taxonomy":"category","embeddable":true,"href":"https:\/\/linitiative.ca\/International\/wp-json\/wp\/v2\/categories?post=64067"},{"taxonomy":"post_tag","embeddable":true,"href":"https:\/\/linitiative.ca\/International\/wp-json\/wp\/v2\/tags?post=64067"}],"curies":[{"name":"wp","href":"https:\/\/api.w.org\/{rel}","templated":true}]}}