{"id":64073,"date":"2019-10-11T15:14:45","date_gmt":"2019-10-11T19:14:45","guid":{"rendered":"https:\/\/linitiative.ca\/International\/international-racisme-koulibaly-reagit-au-cas-lukaku\/"},"modified":"2019-10-11T15:14:45","modified_gmt":"2019-10-11T19:14:45","slug":"international-racisme-koulibaly-reagit-au-cas-lukaku","status":"publish","type":"post","link":"https:\/\/linitiative.ca\/International\/international-racisme-koulibaly-reagit-au-cas-lukaku\/","title":{"rendered":"International : Racisme\u00a0: Koulibaly r\u00e9agit au cas Lukaku"},"content":{"rendered":"<div readability=\"32\">\n<p>Auteur : <span class=\"time\">vendredi 11 octobre 2019 18:30<\/span><\/p>\n<\/div>\n<div id=\"post_core\" readability=\"53\">\n<p>Depuis, si le club nerazzurro a communiqu\u00e9 pour souligner son indignation, certains groupes de \u00ab\u00a0supporters\u00a0\u00bb int\u00e9ristes ont d\u00e9douan\u00e9 l\u2019action des fans de Cagliari, laissant entendre qu\u2019il ne s\u2019agissait pas d\u2019insultes racistes, mais de tentatives de d\u00e9concentration. Longuement interrog\u00e9 sur la question du racisme en Italie, le d\u00e9fenseur du Napoli Kalidou Koulibaly est revenu sur cet \u00e9pisode malheureux.<\/p>\n<p>\u00ab\u00a0Il (Lukaku) arrive d\u2019Angleterre, o\u00f9 il n\u2019a jamais connu cela, c\u2019est difficile \u00e0 g\u00e9rer. (&#8230;) C\u2019est quelque chose d\u2019inacceptable. Quand il y a du racisme, il n\u2019y a personne \u00e0 excuser, il faut punir. Comment peuvent-ils consid\u00e9rer cela comme une simple tentative de d\u00e9concentration alors que certains ont de la haine contre une couleur de peau\u00a0? Le chambrage fait partie du foot, se faire insulter aussi, mais la discrimination est un manque de respect. (&#8230;) Est-ce trop demander de se r\u00e9volter contre ses propres supporters racistes\u00a0?\u00a0 des propos relay\u00e9s par Footmercato.<\/p>\n<p><strong>Publi\u00e9 dans :<\/strong> <span>Lukaku<\/span> <span>Koulibaly<\/span><\/p>\n<\/div>\n<p>Auteur:<br \/>\n<a href=\"http:\/\/www.lebuteur.com\/article\/detail?titre=racisme%C2%A0-koulibaly-reagit-au-cas-lukaku&#038;id=92256&#038;utm_source=feedburner&#038;utm_medium=feed&#038;utm_campaign=Feed%3A+GalerieFArtciles+%28Les+derniers+articles++-+lebuteur.com%29\">Cliquez ici pour lire l&rsquo;article depuis sa source.<\/a><\/p>\n","protected":false},"excerpt":{"rendered":"<p>Auteur : vendredi 11 octobre 2019 18:30 Depuis, si le club nerazzurro a communiqu\u00e9 pour souligner son indignation, certains groupes de \u00ab\u00a0supporters\u00a0\u00bb int\u00e9ristes ont d\u00e9douan\u00e9 l\u2019action des fans de Cagliari, laissant entendre qu\u2019il ne s\u2019agissait pas d\u2019insultes racistes, mais de tentatives de d\u00e9concentration. Longuement interrog\u00e9 sur la question du racisme en Italie, le d\u00e9fenseur du [&hellip;]<\/p>\n","protected":false},"author":1738,"featured_media":64074,"comment_status":"closed","ping_status":"closed","sticky":false,"template":"","format":"standard","meta":{"fifu_image_url":"","fifu_image_alt":"","footnotes":""},"categories":[53,75],"tags":[],"class_list":["post-64073","post","type-post","status-publish","format-standard","has-post-thumbnail","hentry","category-algerie","category-sport"],"_links":{"self":[{"href":"https:\/\/linitiative.ca\/International\/wp-json\/wp\/v2\/posts\/64073","targetHints":{"allow":["GET"]}}],"collection":[{"href":"https:\/\/linitiative.ca\/International\/wp-json\/wp\/v2\/posts"}],"about":[{"href":"https:\/\/linitiative.ca\/International\/wp-json\/wp\/v2\/types\/post"}],"author":[{"embeddable":true,"href":"https:\/\/linitiative.ca\/International\/wp-json\/wp\/v2\/users\/1738"}],"replies":[{"embeddable":true,"href":"https:\/\/linitiative.ca\/International\/wp-json\/wp\/v2\/comments?post=64073"}],"version-history":[{"count":0,"href":"https:\/\/linitiative.ca\/International\/wp-json\/wp\/v2\/posts\/64073\/revisions"}],"wp:featuredmedia":[{"embeddable":true,"href":"https:\/\/linitiative.ca\/International\/wp-json\/"}],"wp:attachment":[{"href":"https:\/\/linitiative.ca\/International\/wp-json\/wp\/v2\/media?parent=64073"}],"wp:term":[{"taxonomy":"category","embeddable":true,"href":"https:\/\/linitiative.ca\/International\/wp-json\/wp\/v2\/categories?post=64073"},{"taxonomy":"post_tag","embeddable":true,"href":"https:\/\/linitiative.ca\/International\/wp-json\/wp\/v2\/tags?post=64073"}],"curies":[{"name":"wp","href":"https:\/\/api.w.org\/{rel}","templated":true}]}}