{"id":64078,"date":"2019-10-11T09:43:42","date_gmt":"2019-10-11T13:43:42","guid":{"rendered":"https:\/\/linitiative.ca\/International\/95551-dopage-aucun-cas-positif-ces-dernieres-annees-un-enorme-progres\/"},"modified":"2019-10-11T09:43:42","modified_gmt":"2019-10-11T13:43:42","slug":"95551-dopage-aucun-cas-positif-ces-dernieres-annees-un-enorme-progres","status":"publish","type":"post","link":"https:\/\/linitiative.ca\/International\/95551-dopage-aucun-cas-positif-ces-dernieres-annees-un-enorme-progres\/","title":{"rendered":"Dopage : \u00ab\u00a0Aucun cas positif ces derni\u00e8res ann\u00e9es, un \u00e9norme progr\u00e8s\u00a0\u00bb"},"content":{"rendered":"<div readability=\"37\">\n<p><strong>ORAN &#8211; Le ministre de la Jeunesse et des Sports, Raouf Salim Bernaoui, s\u2019est dit, vendredi \u00e0 Oran, satisfait par les progr\u00e8s r\u00e9alis\u00e9s par l\u2019Alg\u00e9rie en mati\u00e8re de lutte antidopage.<\/strong><\/p>\n<\/div>\n<div readability=\"72.5\">\n<p>S\u2019exprimant en ouverture de la 13e session du Conseil de l\u2019Organisation r\u00e9gionale antidopage (ORAD) de l&rsquo;Afrique Zone 1, le ministre a estim\u00e9 que la politique pr\u00f4n\u00e9e par l\u2019Alg\u00e9rie dans ce volet a d\u00e9j\u00e0 donn\u00e9 ses fruits.<\/p>\n<p>\u00ab\u00a0Au cours de ces derni\u00e8res ann\u00e9es, nous sommes arriv\u00e9s \u00e0 z\u00e9ro cas positif. Les cas soulev\u00e9s jusque-l\u00e0, et ils sont rares, ont trait \u00e0 la consommation d\u2019autres produits qui n\u2019ont rien \u00e0 voir avec le dopage et qui rel\u00e8vent d\u2019un fl\u00e9au social\u00a0\u00bb, s\u2019est f\u00e9licit\u00e9 le premier responsable du secteur de la jeunesse et des sports.<\/p>\n<p>Il a, en outre, rappel\u00e9 que les pouvoirs publics accordent une priorit\u00e9 particuli\u00e8re \u00e0 la lutte contre le dopage, \u00ab\u00a0n\u2019h\u00e9sitant pas \u00e0 mettre de gros moyens financiers et mat\u00e9riels pour pr\u00e9server le sport national d\u2019un tel fl\u00e9au\u00a0\u00bb.<\/p>\n<blockquote readability=\"12\">\n<p><em><strong>\u00ab\u00a0Nous voulons qu\u2019il y ait un sport sain et propre. Nous sommes d\u2019ailleurs sur la bonne voie. Tous les efforts que consent notre pays dans ce registre devraient servir d\u2019exemple pour les autres nations en Afrique\u00a0\u00bb, a encore soulign\u00e9 le ministre, tout en mettant l\u2019accent sur le r\u00f4le jou\u00e9 par l\u2019Alg\u00e9rie dans le d\u00e9veloppement du sport au niveau continental, \u00e9tayant ses dires par le budget \u00ab\u00a0\u00e9norme\u00a0\u00bb qui a \u00e9t\u00e9 d\u00e9bloqu\u00e9 par l\u2019Etat pour la r\u00e9ussite des Jeux africains de la jeunesse, organis\u00e9s \u00e0 Alger et Tipasa lors de l\u2019\u00e9t\u00e9 2018.<\/strong><\/em><\/p>\n<\/blockquote>\n<p>Le Conseil de l\u2019Organisation r\u00e9gionale antidopage de l&rsquo;Afrique Zone 1 a \u00e9t\u00e9 cr\u00e9\u00e9 par les repr\u00e9sentants des gouvernements d\u2019Alg\u00e9rie, de Tunisie, de Libye et du Maroc en 2008. Quatre ans plus tard, cette instance a vu l\u2019int\u00e9gration de la Mauritanie, rappelle-t-on.<\/p>\n<p>L&rsquo;ORAD rel\u00e8ve de l&rsquo;Agence mondiale antidopage (AMA), une fondation internationale ind\u00e9pendante charg\u00e9e de promouvoir, coordonner et superviser la lutte contre le dopage dans le sport. Elle a \u00e9t\u00e9 cr\u00e9\u00e9e le 10 novembre 1999. Son bureau principal est \u00e0 Montr\u00e9al (Canada). Un repr\u00e9sentant de<\/p>\n<p>cette instance \u00e9tait d\u2019ailleurs pr\u00e9sent aux travaux de cette 13e session qui se poursuivent vendredi \u00e0 Oran.<\/p>\n<\/div>\n<p>Auteur:<br \/>\n<a href=\"http:\/\/www.aps.dz\/sport\/95551-dopage-aucun-cas-positif-ces-dernieres-annees-un-enorme-progres?utm_source=feedburner&#038;utm_medium=feed&#038;utm_campaign=Feed%3A+aps-sport+%28APS+-+SPORT%29\">Cliquez ici pour lire l&rsquo;article depuis sa source.<\/a><\/p>\n","protected":false},"excerpt":{"rendered":"<p>ORAN &#8211; Le ministre de la Jeunesse et des Sports, Raouf Salim Bernaoui, s\u2019est dit, vendredi \u00e0 Oran, satisfait par les progr\u00e8s r\u00e9alis\u00e9s par l\u2019Alg\u00e9rie en mati\u00e8re de lutte antidopage. S\u2019exprimant en ouverture de la 13e session du Conseil de l\u2019Organisation r\u00e9gionale antidopage (ORAD) de l&rsquo;Afrique Zone 1, le ministre a estim\u00e9 que la politique [&hellip;]<\/p>\n","protected":false},"author":1790,"featured_media":0,"comment_status":"closed","ping_status":"closed","sticky":false,"template":"","format":"standard","meta":{"fifu_image_url":"","fifu_image_alt":"","footnotes":""},"categories":[53,75],"tags":[],"class_list":["post-64078","post","type-post","status-publish","format-standard","hentry","category-algerie","category-sport"],"_links":{"self":[{"href":"https:\/\/linitiative.ca\/International\/wp-json\/wp\/v2\/posts\/64078","targetHints":{"allow":["GET"]}}],"collection":[{"href":"https:\/\/linitiative.ca\/International\/wp-json\/wp\/v2\/posts"}],"about":[{"href":"https:\/\/linitiative.ca\/International\/wp-json\/wp\/v2\/types\/post"}],"author":[{"embeddable":true,"href":"https:\/\/linitiative.ca\/International\/wp-json\/wp\/v2\/users\/1790"}],"replies":[{"embeddable":true,"href":"https:\/\/linitiative.ca\/International\/wp-json\/wp\/v2\/comments?post=64078"}],"version-history":[{"count":0,"href":"https:\/\/linitiative.ca\/International\/wp-json\/wp\/v2\/posts\/64078\/revisions"}],"wp:attachment":[{"href":"https:\/\/linitiative.ca\/International\/wp-json\/wp\/v2\/media?parent=64078"}],"wp:term":[{"taxonomy":"category","embeddable":true,"href":"https:\/\/linitiative.ca\/International\/wp-json\/wp\/v2\/categories?post=64078"},{"taxonomy":"post_tag","embeddable":true,"href":"https:\/\/linitiative.ca\/International\/wp-json\/wp\/v2\/tags?post=64078"}],"curies":[{"name":"wp","href":"https:\/\/api.w.org\/{rel}","templated":true}]}}