{"id":64082,"date":"2019-10-11T13:15:00","date_gmt":"2019-10-11T17:15:00","guid":{"rendered":"https:\/\/linitiative.ca\/International\/presidentielle-du-12-decembre-139-postulants-retirent-les-formulaires-de-souscription\/"},"modified":"2019-10-11T13:15:00","modified_gmt":"2019-10-11T17:15:00","slug":"presidentielle-du-12-decembre-139-postulants-retirent-les-formulaires-de-souscription","status":"publish","type":"post","link":"https:\/\/linitiative.ca\/International\/presidentielle-du-12-decembre-139-postulants-retirent-les-formulaires-de-souscription\/","title":{"rendered":"PRESIDENTIELLE DU 12 DECEMBRE : 139 postulants retirent les formulaires de souscription"},"content":{"rendered":"<p><br id=\"sep_para_1\" class=\"sep_para access\"\/><\/p>\n<div id=\"para_1\" class=\"para_33467533 resize\">\n<div class=\"texte access firstletter\">Cent-trente-neuf (139) postulants \u00e0 la candidature pour l&rsquo;\u00e9lection pr\u00e9sidentielle du 12 d\u00e9cembre prochain ont proc\u00e9d\u00e9, jusqu&rsquo;\u00e0 jeudi, au retrait des formulaires de souscription des signatures, a indiqu\u00e9 le charg\u00e9 de communication aupr\u00e8s de l&rsquo;Autorit\u00e9 nationale ind\u00e9pendante des \u00e9lections (ANIE), Ali Dra\u00e2. Intervenant lors d&rsquo;une conf\u00e9rence de presse, M. Dra\u00e2 a indiqu\u00e9 que \u00ab\u00a0139 postulants \u00e0 la candidature pour l&rsquo;\u00e9lection pr\u00e9sidentielle du 12 d\u00e9cembre prochain, dont cinq (5) femmes r\u00e9unissant les conditions exig\u00e9es, \u00e0 savoir la nationalit\u00e9 alg\u00e9rienne, le dipl\u00f4me universitaire et l&rsquo;\u00e2ge l\u00e9gal de 40 ans ont proc\u00e9d\u00e9, jusqu&rsquo;\u00e0 jeudi, au retrait des formulaires de souscription\u00a0\u00bb. \u00ab\u00a0L&rsquo;int\u00e9ress\u00e9 doit se pr\u00e9senter aupr\u00e8s des services de l&rsquo;\u00e9tat civil, des notaires ou des huissiers de justice pour la certification des formulaires de souscription\u00a0\u00bb, a-t-il dit.\u00a0\u00a0\u00a0\u00a0\u00a0\u00a0\u00a0\u00a0\u00a0\u00a0\u00a0\u00a0<\/div>\n<\/div>\n<p>Auteur: Nadine<br \/>\n<a href=\"https:\/\/www.reflexiondz.net\/PRESIDENTIELLE-DU-12-DECEMBRE-139-postulants-retirent-les-formulaires-de-souscription_a58141.html\">Cliquez ici pour lire l&rsquo;article depuis sa source.<\/a><\/p>\n","protected":false},"excerpt":{"rendered":"<p>Cent-trente-neuf (139) postulants \u00e0 la candidature pour l&rsquo;\u00e9lection pr\u00e9sidentielle du 12 d\u00e9cembre prochain ont proc\u00e9d\u00e9, jusqu&rsquo;\u00e0 jeudi, au retrait des formulaires de souscription des signatures, a indiqu\u00e9 le charg\u00e9 de communication aupr\u00e8s de l&rsquo;Autorit\u00e9 nationale ind\u00e9pendante des \u00e9lections (ANIE), Ali Dra\u00e2. Intervenant lors d&rsquo;une conf\u00e9rence de presse, M. Dra\u00e2 a indiqu\u00e9 que \u00ab\u00a0139 postulants \u00e0 [&hellip;]<\/p>\n","protected":false},"author":1740,"featured_media":0,"comment_status":"closed","ping_status":"closed","sticky":false,"template":"","format":"standard","meta":{"fifu_image_url":"","fifu_image_alt":"","footnotes":""},"categories":[53,76],"tags":[],"class_list":["post-64082","post","type-post","status-publish","format-standard","hentry","category-algerie","category-regions"],"_links":{"self":[{"href":"https:\/\/linitiative.ca\/International\/wp-json\/wp\/v2\/posts\/64082","targetHints":{"allow":["GET"]}}],"collection":[{"href":"https:\/\/linitiative.ca\/International\/wp-json\/wp\/v2\/posts"}],"about":[{"href":"https:\/\/linitiative.ca\/International\/wp-json\/wp\/v2\/types\/post"}],"author":[{"embeddable":true,"href":"https:\/\/linitiative.ca\/International\/wp-json\/wp\/v2\/users\/1740"}],"replies":[{"embeddable":true,"href":"https:\/\/linitiative.ca\/International\/wp-json\/wp\/v2\/comments?post=64082"}],"version-history":[{"count":0,"href":"https:\/\/linitiative.ca\/International\/wp-json\/wp\/v2\/posts\/64082\/revisions"}],"wp:attachment":[{"href":"https:\/\/linitiative.ca\/International\/wp-json\/wp\/v2\/media?parent=64082"}],"wp:term":[{"taxonomy":"category","embeddable":true,"href":"https:\/\/linitiative.ca\/International\/wp-json\/wp\/v2\/categories?post=64082"},{"taxonomy":"post_tag","embeddable":true,"href":"https:\/\/linitiative.ca\/International\/wp-json\/wp\/v2\/tags?post=64082"}],"curies":[{"name":"wp","href":"https:\/\/api.w.org\/{rel}","templated":true}]}}