{"id":64085,"date":"2019-10-11T13:19:00","date_gmt":"2019-10-11T17:19:00","guid":{"rendered":"https:\/\/linitiative.ca\/International\/le-footballeur-boudaoui-agresse-verbalement-par-un-journaliste\/"},"modified":"2019-10-11T13:19:00","modified_gmt":"2019-10-11T17:19:00","slug":"le-footballeur-boudaoui-agresse-verbalement-par-un-journaliste","status":"publish","type":"post","link":"https:\/\/linitiative.ca\/International\/le-footballeur-boudaoui-agresse-verbalement-par-un-journaliste\/","title":{"rendered":"Le footballeur Boudaoui agress\u00e9 verbalement par un journaliste !"},"content":{"rendered":"<p><br id=\"sep_para_1\" class=\"sep_para access\"\/><\/p>\n<div id=\"para_1\" class=\"para_33467583 resize\">\n<div class=\"texte access firstletter\">Un incident a \u00e9clat\u00e9 \u00e0 la fin du match entre l\u2019Alg\u00e9rie et le Congo quand les joueurs sont sortis sur la main courante pour parler aux journalistes. En effet, le jeune joueur Hichem Boudaoui qui ne s\u2019est pas arr\u00eat\u00e9 pour r\u00e9pondre aux questions des journalistes, a \u00e9t\u00e9 victime d\u2019une phrase d\u00e9plac\u00e9e d\u2019un journaliste qui lui a lanc\u00e9 au passage\u00a0 l\u2019expression \u00ab Tehalebt \u00bb (qui signifie que tu as ouvert tes yeux au monde). Une expression qui a d\u00e9plu au joueur qui s\u2019est retourn\u00e9 et qui a r\u00e9pondu en d\u00e9clarant \u00ab oui Tehalbet! \u00bb. S\u2019en est suivi une altercation entre des joueurs de l\u2019\u00e9quipe Nationale et le journaliste en question.\u00a0 Tr\u00e8s affect\u00e9 par cet incident, le jeune joueur de Nice qui a \u00e9t\u00e9 souvent critiqu\u00e9 pour son inexp\u00e9rience en communication a rendu public ce matin une excellente r\u00e9ponse sur Twitter en d\u00e9clarant : \u00ab Les chiens aboient et la caravane passent \u00bb ajoutant que malgr\u00e9 cela il a apport\u00e9 une deuxi\u00e8me m\u00e9daille aux Alg\u00e9riens et qu\u2019\u00e0 20 ans il est s\u00e9lectionn\u00e9 en \u00e9quipe nationale.\u00a0<\/div>\n<\/div>\n<p>Auteur: R\u00e9flexion<br \/>\n<a href=\"https:\/\/www.reflexiondz.net\/Le-footballeur-Boudaoui-agresse-verbalement-par-un-journaliste-_a58148.html\">Cliquez ici pour lire l&rsquo;article depuis sa source.<\/a><\/p>\n","protected":false},"excerpt":{"rendered":"<p>Un incident a \u00e9clat\u00e9 \u00e0 la fin du match entre l\u2019Alg\u00e9rie et le Congo quand les joueurs sont sortis sur la main courante pour parler aux journalistes. En effet, le jeune joueur Hichem Boudaoui qui ne s\u2019est pas arr\u00eat\u00e9 pour r\u00e9pondre aux questions des journalistes, a \u00e9t\u00e9 victime d\u2019une phrase d\u00e9plac\u00e9e d\u2019un journaliste qui lui [&hellip;]<\/p>\n","protected":false},"author":1740,"featured_media":0,"comment_status":"closed","ping_status":"closed","sticky":false,"template":"","format":"standard","meta":{"fifu_image_url":"","fifu_image_alt":"","footnotes":""},"categories":[53,76],"tags":[],"class_list":["post-64085","post","type-post","status-publish","format-standard","hentry","category-algerie","category-regions"],"_links":{"self":[{"href":"https:\/\/linitiative.ca\/International\/wp-json\/wp\/v2\/posts\/64085","targetHints":{"allow":["GET"]}}],"collection":[{"href":"https:\/\/linitiative.ca\/International\/wp-json\/wp\/v2\/posts"}],"about":[{"href":"https:\/\/linitiative.ca\/International\/wp-json\/wp\/v2\/types\/post"}],"author":[{"embeddable":true,"href":"https:\/\/linitiative.ca\/International\/wp-json\/wp\/v2\/users\/1740"}],"replies":[{"embeddable":true,"href":"https:\/\/linitiative.ca\/International\/wp-json\/wp\/v2\/comments?post=64085"}],"version-history":[{"count":0,"href":"https:\/\/linitiative.ca\/International\/wp-json\/wp\/v2\/posts\/64085\/revisions"}],"wp:attachment":[{"href":"https:\/\/linitiative.ca\/International\/wp-json\/wp\/v2\/media?parent=64085"}],"wp:term":[{"taxonomy":"category","embeddable":true,"href":"https:\/\/linitiative.ca\/International\/wp-json\/wp\/v2\/categories?post=64085"},{"taxonomy":"post_tag","embeddable":true,"href":"https:\/\/linitiative.ca\/International\/wp-json\/wp\/v2\/tags?post=64085"}],"curies":[{"name":"wp","href":"https:\/\/api.w.org\/{rel}","templated":true}]}}