{"id":64099,"date":"2019-10-11T12:25:42","date_gmt":"2019-10-11T16:25:42","guid":{"rendered":"https:\/\/linitiative.ca\/International\/qui-est-le-nouveau-ministre-de-la-sante-khalid-ait-taleb\/"},"modified":"2019-10-11T12:25:42","modified_gmt":"2019-10-11T16:25:42","slug":"qui-est-le-nouveau-ministre-de-la-sante-khalid-ait-taleb","status":"publish","type":"post","link":"https:\/\/linitiative.ca\/International\/qui-est-le-nouveau-ministre-de-la-sante-khalid-ait-taleb\/","title":{"rendered":"Qui est le nouveau ministre de la Sant\u00e9 Khalid Ait Taleb?"},"content":{"rendered":"<p><strong>Khalid Ait Taleb a \u00e9t\u00e9 nomm\u00e9 au poste de ministre de la Sant\u00e9 dans le cadre du remaniement gouvernemental annonc\u00e9 le 9 octobre.<\/strong><\/p>\n<div class=\"c10\"\/>\n<p>Ait Taleb, 55 ans, est dipl\u00f4m\u00e9 de la Facult\u00e9 de m\u00e9decine et de pharmacie de Rabat. Depuis que le centre hospitalier universitaire Hassan II de F\u00e8s a ouvert ses portes en 2009, Ait Taleb a pris les fonctions de directeur g\u00e9n\u00e9ral de l\u2019h\u00f4pital et de chef du service de chirurgie visc\u00e9rale.<\/p>\n<p><strong>Khalid Ait Taleb<\/strong> a pr\u00e9sid\u00e9 le conseil d\u2019administration de l\u2019Institut de recherche sur le cancer (IRC), et faisait partie du comit\u00e9 d\u2019experts au minist\u00e8re de la Sant\u00e9 en 2008.<\/p>\n<p><strong>Une phase transitoire\u00a0!<\/strong><\/p>\n<p>En janvier 2018, Anas Doukkali a \u00e9t\u00e9 nomm\u00e9 ministre de la Sant\u00e9 et son mandat a \u00e9t\u00e9 marqu\u00e9 par une s\u00e9rie de manifestations dirig\u00e9es par le Syndicat ind\u00e9pendant des m\u00e9decins du secteur public (SIMSP), des professionnels de la sant\u00e9 du secteur public et des <strong>\u00e9tudiants en m\u00e9decine<\/strong> partout dans le Royaume. Plus de 1.000 m\u00e9decins du secteur public ont d\u00e9missionn\u00e9 en masse au cours de la s\u00e9rie de manifestations, r\u00e9clamant de meilleurs salaires, avantages sociaux et conditions de travail. Il faut dire que le nouveau ministre a du pain sur la planche ayant h\u00e9rit\u00e9 de ce dossier br\u00fblant qui oppose les m\u00e9decins du secteur public \u00e0 l\u2019Etat, entre autres dossiers, dont ceux des pharmaciens et des cliniques priv\u00e9es.<\/p>\n<p>Rappelons que l\u2019actuel ministre de la Sant\u00e9, Khalid Ait Taleb, est l\u2019un des six nouveaux ministres r\u00e9cemment nomm\u00e9s \u00e0 la suite du <strong>remaniement<\/strong> gouvernemental.<\/p>\n<div class=\"c17\">\n<fieldset class=\"c16\">\n<legend><strong><span class=\"c11\">Challenge<\/span><span class=\"c12\">news<\/span><\/strong><\/legend>\n<div class=\"c15\">Le meilleur de la r\u00e9daction s\u00e9lectionn\u00e9 par Challenge :<\/p>\n<\/div>\n<\/fieldset>\n<\/div>\n<p>Auteur: Hajar DARI<br \/>\n<a href=\"https:\/\/www.challenge.ma\/qui-est-le-nouveau-ministre-de-la-sante-khalid-ait-taleb-119684\/\">Cliquez ici pour lire l&rsquo;article depuis sa source.<\/a><\/p>\n","protected":false},"excerpt":{"rendered":"<p>Khalid Ait Taleb a \u00e9t\u00e9 nomm\u00e9 au poste de ministre de la Sant\u00e9 dans le cadre du remaniement gouvernemental annonc\u00e9 le 9 octobre. Ait Taleb, 55 ans, est dipl\u00f4m\u00e9 de la Facult\u00e9 de m\u00e9decine et de pharmacie de Rabat. Depuis que le centre hospitalier universitaire Hassan II de F\u00e8s a ouvert ses portes en 2009, [&hellip;]<\/p>\n","protected":false},"author":1787,"featured_media":0,"comment_status":"closed","ping_status":"closed","sticky":false,"template":"","format":"standard","meta":{"fifu_image_url":"","fifu_image_alt":"","footnotes":""},"categories":[78,54],"tags":[],"class_list":["post-64099","post","type-post","status-publish","format-standard","hentry","category-economie","category-maroc"],"_links":{"self":[{"href":"https:\/\/linitiative.ca\/International\/wp-json\/wp\/v2\/posts\/64099","targetHints":{"allow":["GET"]}}],"collection":[{"href":"https:\/\/linitiative.ca\/International\/wp-json\/wp\/v2\/posts"}],"about":[{"href":"https:\/\/linitiative.ca\/International\/wp-json\/wp\/v2\/types\/post"}],"author":[{"embeddable":true,"href":"https:\/\/linitiative.ca\/International\/wp-json\/wp\/v2\/users\/1787"}],"replies":[{"embeddable":true,"href":"https:\/\/linitiative.ca\/International\/wp-json\/wp\/v2\/comments?post=64099"}],"version-history":[{"count":0,"href":"https:\/\/linitiative.ca\/International\/wp-json\/wp\/v2\/posts\/64099\/revisions"}],"wp:attachment":[{"href":"https:\/\/linitiative.ca\/International\/wp-json\/wp\/v2\/media?parent=64099"}],"wp:term":[{"taxonomy":"category","embeddable":true,"href":"https:\/\/linitiative.ca\/International\/wp-json\/wp\/v2\/categories?post=64099"},{"taxonomy":"post_tag","embeddable":true,"href":"https:\/\/linitiative.ca\/International\/wp-json\/wp\/v2\/tags?post=64099"}],"curies":[{"name":"wp","href":"https:\/\/api.w.org\/{rel}","templated":true}]}}