{"id":64100,"date":"2019-10-11T13:16:56","date_gmt":"2019-10-11T17:16:56","guid":{"rendered":"https:\/\/linitiative.ca\/International\/nouzha-bouchareb-la-militante-aux-commandes-de-lhabitat\/"},"modified":"2019-10-11T13:16:56","modified_gmt":"2019-10-11T17:16:56","slug":"nouzha-bouchareb-la-militante-aux-commandes-de-lhabitat","status":"publish","type":"post","link":"https:\/\/linitiative.ca\/International\/nouzha-bouchareb-la-militante-aux-commandes-de-lhabitat\/","title":{"rendered":"Nouzha Bouchareb, la militante aux commandes de l\u2019Habitat"},"content":{"rendered":"<p><strong>La nouvelle ministre est une militante des droits des femmes.<\/strong><\/p>\n<div class=\"c10\"\/>\n<p>L\u2019un des nouveaux visages du gouvernement a succ\u00e9d\u00e9 \u00e0 Abdelahad El Fassi Fihri (PPS) au poste de ministre de l\u2019Am\u00e9nagement du territoire national, de l\u2019Urbanisme, de l\u2019<strong>Habitat<\/strong> et de la Politique de la Ville.<\/p>\n<p><strong>Nouzha Bouchareb<\/strong> est membre du bureau politique du Mouvement populaire (MP). Elle est \u00e9galement coordinatrice du Comit\u00e9 de l\u2019information et de la communication du parti. La nouvelle ministre de l\u2019Habitat occupe une autre fonction au sein du <strong>Mouvement populaire<\/strong>. Elle est en effet la pr\u00e9sidente de l\u2019Organisation de la femme harakie.<\/p>\n<p>La ministre harakie est dipl\u00f4m\u00e9e de l\u2019\u00c9cole Mohammadia d\u2019Ing\u00e9nieurs et laur\u00e9ate de l\u2019ISCAE. Elle est aussi pr\u00e9sidente du r\u00e9seau f\u00e9minin Connecting Group International. La native de Tanger est une militante des droits de la femme. Nouzha Bouchareb r\u00e9clame \u00e0 cet \u00e9gard l\u2019\u00e9galit\u00e9 des chances et une meilleure repr\u00e9sentativit\u00e9 des femmes. Parmi les d\u00e9fis qui l\u2019attendent dans sa nouvelle fonction, l\u2019\u00e9radication de l\u2019<strong>habitat insalubre<\/strong>.<\/p>\n<div class=\"c17\">\n<fieldset class=\"c16\">\n<legend><strong><span class=\"c11\">Challenge<\/span><span class=\"c12\">news<\/span><\/strong><\/legend>\n<div class=\"c15\">Le meilleur de la r\u00e9daction s\u00e9lectionn\u00e9 par Challenge :<\/p>\n<\/div>\n<\/fieldset>\n<\/div>\n<p>Auteur: challenge<br \/>\n<a href=\"https:\/\/www.challenge.ma\/nezha-bouchareb-la-militante-aux-commandes-de-lhabitat-119766\/\">Cliquez ici pour lire l&rsquo;article depuis sa source.<\/a><\/p>\n","protected":false},"excerpt":{"rendered":"<p>La nouvelle ministre est une militante des droits des femmes. L\u2019un des nouveaux visages du gouvernement a succ\u00e9d\u00e9 \u00e0 Abdelahad El Fassi Fihri (PPS) au poste de ministre de l\u2019Am\u00e9nagement du territoire national, de l\u2019Urbanisme, de l\u2019Habitat et de la Politique de la Ville. Nouzha Bouchareb est membre du bureau politique du Mouvement populaire (MP). [&hellip;]<\/p>\n","protected":false},"author":1787,"featured_media":0,"comment_status":"closed","ping_status":"closed","sticky":false,"template":"","format":"standard","meta":{"fifu_image_url":"","fifu_image_alt":"","footnotes":""},"categories":[78,54],"tags":[],"class_list":["post-64100","post","type-post","status-publish","format-standard","hentry","category-economie","category-maroc"],"_links":{"self":[{"href":"https:\/\/linitiative.ca\/International\/wp-json\/wp\/v2\/posts\/64100","targetHints":{"allow":["GET"]}}],"collection":[{"href":"https:\/\/linitiative.ca\/International\/wp-json\/wp\/v2\/posts"}],"about":[{"href":"https:\/\/linitiative.ca\/International\/wp-json\/wp\/v2\/types\/post"}],"author":[{"embeddable":true,"href":"https:\/\/linitiative.ca\/International\/wp-json\/wp\/v2\/users\/1787"}],"replies":[{"embeddable":true,"href":"https:\/\/linitiative.ca\/International\/wp-json\/wp\/v2\/comments?post=64100"}],"version-history":[{"count":0,"href":"https:\/\/linitiative.ca\/International\/wp-json\/wp\/v2\/posts\/64100\/revisions"}],"wp:attachment":[{"href":"https:\/\/linitiative.ca\/International\/wp-json\/wp\/v2\/media?parent=64100"}],"wp:term":[{"taxonomy":"category","embeddable":true,"href":"https:\/\/linitiative.ca\/International\/wp-json\/wp\/v2\/categories?post=64100"},{"taxonomy":"post_tag","embeddable":true,"href":"https:\/\/linitiative.ca\/International\/wp-json\/wp\/v2\/tags?post=64100"}],"curies":[{"name":"wp","href":"https:\/\/api.w.org\/{rel}","templated":true}]}}