{"id":64113,"date":"2019-10-11T17:19:10","date_gmt":"2019-10-11T21:19:10","guid":{"rendered":"https:\/\/linitiative.ca\/International\/tunisie-debat-televise-nabil-karoui-je-demissionnerai-si-je-suis-atteint-dune-maladie-grave\/"},"modified":"2019-10-11T17:19:10","modified_gmt":"2019-10-11T21:19:10","slug":"tunisie-debat-televise-nabil-karoui-je-demissionnerai-si-je-suis-atteint-dune-maladie-grave","status":"publish","type":"post","link":"https:\/\/linitiative.ca\/International\/tunisie-debat-televise-nabil-karoui-je-demissionnerai-si-je-suis-atteint-dune-maladie-grave\/","title":{"rendered":"Tunisie \u2013 D\u00e9bat t\u00e9l\u00e9vis\u00e9\u00a0: Nabil Karoui\u00a0: Je d\u00e9missionnerai si je suis atteint d\u2019une maladie grave"},"content":{"rendered":"<div class=\"post-cont-in left relative\">\n<div class=\"swp_social_panel swp_horizontal_panel swp_flat_fresh swp_default_full_color swp_individual_full_color swp_other_full_color scale-100 scale-\" data-min-width=\"1100\" data-float-color=\"#ffffff\" data-float=\"none\" data-float-mobile=\"none\" data-transition=\"slide\">\n<div class=\"nc_tweetContainer swp_share_button total_shares total_sharesalt\"><span class=\"swp_count\">1 <span class=\"swp_label\">Partages<\/span><\/span><\/div>\n<\/div>\n<p>En r\u00e9ponse sur la question de savoir ce qui pourrait le pousser \u00e0 d\u00e9missionner, Nabil Karoui, a assur\u00e9 que rien ne pourrait le faire abandonner son devoir et d\u00e9missionner, sauf s\u2019il d\u00e9couvre qu\u2019il est gravement malade et qu\u2019il ne peut plus remplir ses fonctions comme il faut. Dans ce cas l\u00e0, il a dit qu\u2019il annoncerait \u00e7\u00e0 au peuple et d\u00e9missionnera pour laisser la place \u00e0 une personne bien portante capable d\u2019assumer son r\u00f4le.<\/p>\n<p><strong>Que se passe-t-il en Tunisie?<\/strong><br \/>Nous expliquons sur notre <a href=\"https:\/\/www.youtube.com\/channel\/UCRzypVq0B_yBad5eGrwBx0Q?sub_confirmation=1\" target=\"_blank\" rel=\"noopener noreferrer\">cha\u00eene YouTube<\/a> . <a href=\"https:\/\/www.youtube.com\/channel\/UCRzypVq0B_yBad5eGrwBx0Q?sub_confirmation=1\" target=\"_blank\" rel=\"noopener noreferrer\">Abonnez-vous!<\/a><\/p>\n<div class=\"mvp-org-wrap mvp-org-logo\" itemprop=\"publisher\" itemscope=\"\" itemtype=\"https:\/\/schema.org\/Organization\">\n<p><img decoding=\"async\" src=\"https:\/\/www.tunisienumerique.com\/wp-content\/uploads\/2017\/02\/logo_tunisie_numerique.png\"\/><\/p>\n<\/div>\n<div class=\"swp_social_panel swp_horizontal_panel swp_flat_fresh swp_default_full_color swp_individual_full_color swp_other_full_color scale-100 scale-\" data-min-width=\"1100\" data-float-color=\"#ffffff\" data-float=\"none\" data-float-mobile=\"none\" data-transition=\"slide\">\n<div class=\"nc_tweetContainer swp_share_button total_shares total_sharesalt\"><span class=\"swp_count\">1 <span class=\"swp_label\">Partages<\/span><\/span><\/div>\n<\/div>\n<div class=\"mvp-related-posts left relative\">\n<h4 class=\"post-header\"><span class=\"post-header\">Lire aussi<\/span><\/h4>\n<\/div>\n<\/div>\n<p>Auteur: LM<br \/>\n<a href=\"https:\/\/www.tunisienumerique.com\/tunisie-debat-televise-nabil-karoui-je-demissionnerai-si-je-suis-atteint-dune-maladie-grave\/\">Cliquez ici pour lire l&rsquo;article depuis sa source.<\/a><\/p>\n","protected":false},"excerpt":{"rendered":"<p>1 Partages En r\u00e9ponse sur la question de savoir ce qui pourrait le pousser \u00e0 d\u00e9missionner, Nabil Karoui, a assur\u00e9 que rien ne pourrait le faire abandonner son devoir et d\u00e9missionner, sauf s\u2019il d\u00e9couvre qu\u2019il est gravement malade et qu\u2019il ne peut plus remplir ses fonctions comme il faut. Dans ce cas l\u00e0, il a [&hellip;]<\/p>\n","protected":false},"author":1789,"featured_media":64114,"comment_status":"closed","ping_status":"closed","sticky":false,"template":"","format":"standard","meta":{"fifu_image_url":"","fifu_image_alt":"","footnotes":""},"categories":[73,55],"tags":[],"class_list":["post-64113","post","type-post","status-publish","format-standard","has-post-thumbnail","hentry","category-actualite","category-tunisie"],"_links":{"self":[{"href":"https:\/\/linitiative.ca\/International\/wp-json\/wp\/v2\/posts\/64113","targetHints":{"allow":["GET"]}}],"collection":[{"href":"https:\/\/linitiative.ca\/International\/wp-json\/wp\/v2\/posts"}],"about":[{"href":"https:\/\/linitiative.ca\/International\/wp-json\/wp\/v2\/types\/post"}],"author":[{"embeddable":true,"href":"https:\/\/linitiative.ca\/International\/wp-json\/wp\/v2\/users\/1789"}],"replies":[{"embeddable":true,"href":"https:\/\/linitiative.ca\/International\/wp-json\/wp\/v2\/comments?post=64113"}],"version-history":[{"count":0,"href":"https:\/\/linitiative.ca\/International\/wp-json\/wp\/v2\/posts\/64113\/revisions"}],"wp:featuredmedia":[{"embeddable":true,"href":"https:\/\/linitiative.ca\/International\/wp-json\/"}],"wp:attachment":[{"href":"https:\/\/linitiative.ca\/International\/wp-json\/wp\/v2\/media?parent=64113"}],"wp:term":[{"taxonomy":"category","embeddable":true,"href":"https:\/\/linitiative.ca\/International\/wp-json\/wp\/v2\/categories?post=64113"},{"taxonomy":"post_tag","embeddable":true,"href":"https:\/\/linitiative.ca\/International\/wp-json\/wp\/v2\/tags?post=64113"}],"curies":[{"name":"wp","href":"https:\/\/api.w.org\/{rel}","templated":true}]}}