{"id":64117,"date":"2019-10-10T18:26:06","date_gmt":"2019-10-10T22:26:06","guid":{"rendered":"https:\/\/linitiative.ca\/International\/developpement-de-la-croissance-verte-des-acteurs-a-la-primature\/"},"modified":"2019-10-10T18:26:06","modified_gmt":"2019-10-10T22:26:06","slug":"developpement-de-la-croissance-verte-des-acteurs-a-la-primature","status":"publish","type":"post","link":"https:\/\/linitiative.ca\/International\/developpement-de-la-croissance-verte-des-acteurs-a-la-primature\/","title":{"rendered":"D\u00e9veloppement de la croissance verte : Des acteurs \u00e0 la Primature"},"content":{"rendered":"<div class=\"td-post-featured-image\" readability=\"35\"><a href=\"https:\/\/i0.wp.com\/www.sidwaya.info\/wp-content\/uploads\/2019\/10\/verte.gif?fit=700%2C422&#038;ssl=1\" data-caption=\"Pour le ministre en charge de l\u2019environnement, Batio Bassi\u00e8re (micro), la collaboration entre le Burkina et l\u2019institut est bonne.\"><img loading=\"lazy\" decoding=\"async\" width=\"696\" height=\"420\" class=\"entry-thumb td-modal-image\" src=\"https:\/\/i0.wp.com\/www.sidwaya.info\/wp-content\/uploads\/2019\/10\/verte.gif?resize=696%2C420&#038;ssl=1\" alt=\"\" title=\"verte\"\/><\/a>Pour le ministre en charge de l\u2019environnement, Batio Bassi\u00e8re (micro), la collaboration entre le Burkina et l\u2019institut est bonne.<\/div>\n<p><strong>Le Premier ministre, Christophe Joseph Marie Dabir\u00e9, a re\u00e7u en audience, le mardi 8 octobre 2019 \u00e0 Ouagadougou, une d\u00e9l\u00e9gation de l\u2019Institut mondial pour la croissance verte (GGGI).<\/strong><\/p>\n<p>Le Premier ministre, Christophe Joseph Marie Dabir\u00e9, a pris langue, le mardi 8 octobre 2019 \u00e0 Ouagadougou, avec une d\u00e9l\u00e9gation de l\u2019Institut mondial pour la croissance verte (GGGI), conduite par le ministre en charge de l\u2019environnement, Batio Bassi\u00e8re. Avec elle, il s\u2019est agi d\u2019\u00e9voquer la collaboration entre le Burkina Faso et l\u2019organisation internationale Green growth Planning and Implementation (GGGI).<\/p>\n<p>\u00abJe suis tr\u00e8s heureux d\u2019\u00eatre ici au Burkina qui fait partie des 33 pays membres de notre organisation, tous des champions du nouveau mod\u00e8le de d\u00e9veloppement de croissance verte. Je suis venu pour discuter avec le gouvernement sur la mani\u00e8re dont on peut le soutenir, l\u2019accompagner pour la croissance verte\u00bb, a laiss\u00e9 entendre Frank Rijsberman, directeur g\u00e9n\u00e9ral du GGGI, \u00e0 sa sortie d\u2019audience.<\/p>\n<p>Le ministre burkinab\u00e8 en charge de l\u2019environnement a, pour sa part, rappel\u00e9 que le Burkina a adh\u00e9r\u00e9 \u00e0 l\u2019institut en 2018 et dispose d\u2019un bureau national. \u00abIl faut dire qu\u2019en moins de deux ans, les r\u00e9sultats sont appr\u00e9ciables dans la mesure o\u00f9 nous avons d\u00e9j\u00e0 \u00e9labor\u00e9 le programme de pr\u00e9paration pour accompagner le Burkina Faso \u00e0 l\u2019accr\u00e9ditation d\u2019une entit\u00e9 nationale\u00bb, a-t-il soulign\u00e9.<\/p>\n<p>Il a ajout\u00e9, que dans le cadre du renforcement des capacit\u00e9s de l\u2019ensemble des acteurs, quarante personnes ont \u00e9galement \u00e9t\u00e9 form\u00e9es au Burkina. M. Bassi\u00e8re a par ailleurs indiqu\u00e9 que des domaines d\u2019intervention, dans lesquels son d\u00e9partement compte travailler avec l\u2019institut, ont \u00e9t\u00e9 identifi\u00e9s, notamment la pr\u00e9paration et la mise en \u0153uvre des \u00e9covillages, la transition vers des villes vertes et les \u00e9nergies renouvelables et tout ce qui est investissement qui tienne compte de la croissance verte.<\/p>\n<p>\u00abLa pr\u00e9sence au Burkina du directeur g\u00e9n\u00e9ral, qui a pu visiter les installations, va renforcer davantage les relations de collaboration entre le pays et GGGI, car on a \u00e9t\u00e9 invit\u00e9 \u00e0 la prochaine assembl\u00e9e g\u00e9n\u00e9rale qui va se tenir bient\u00f4t \u00e0 S\u00e9oul\u00a0 en Cor\u00e9e\u00bb, a-t-il conclu.<\/p>\n<p class=\"c1\"><strong>Boureima GANSONRE<\/strong> (Stagiaire)<\/p>\n<div class=\"td-a-rec td-a-rec-id-content_bottom td_uid_30_5da0f7d4c83ad_rand td_block_template_1\"><img loading=\"lazy\" decoding=\"async\" class=\"aligncenter size-full wp-image-9623\" src=\"https:\/\/www.sidwaya.info\/wp-content\/uploads\/2019\/06\/Projet-bannie%CC%80re-Orange-mobile.jpg\" alt=\"\" width=\"728\" height=\"81\"\/><\/div>\n<p>Auteur: JK. Sidwaya<br \/>\n<a href=\"https:\/\/www.sidwaya.info\/blog\/2019\/10\/10\/developpement-de-la-croissance-verte-des-acteurs-a-la-primature\/\">Cliquez ici pour lire l&rsquo;article depuis sa source.<\/a><\/p>\n","protected":false},"excerpt":{"rendered":"<p>Pour le ministre en charge de l\u2019environnement, Batio Bassi\u00e8re (micro), la collaboration entre le Burkina et l\u2019institut est bonne. Le Premier ministre, Christophe Joseph Marie Dabir\u00e9, a re\u00e7u en audience, le mardi 8 octobre 2019 \u00e0 Ouagadougou, une d\u00e9l\u00e9gation de l\u2019Institut mondial pour la croissance verte (GGGI). Le Premier ministre, Christophe Joseph Marie Dabir\u00e9, a [&hellip;]<\/p>\n","protected":false},"author":1816,"featured_media":0,"comment_status":"closed","ping_status":"closed","sticky":false,"template":"","format":"standard","meta":{"fifu_image_url":"","fifu_image_alt":"","footnotes":""},"categories":[73,81],"tags":[],"class_list":["post-64117","post","type-post","status-publish","format-standard","hentry","category-actualite","category-burkina-faso"],"_links":{"self":[{"href":"https:\/\/linitiative.ca\/International\/wp-json\/wp\/v2\/posts\/64117","targetHints":{"allow":["GET"]}}],"collection":[{"href":"https:\/\/linitiative.ca\/International\/wp-json\/wp\/v2\/posts"}],"about":[{"href":"https:\/\/linitiative.ca\/International\/wp-json\/wp\/v2\/types\/post"}],"author":[{"embeddable":true,"href":"https:\/\/linitiative.ca\/International\/wp-json\/wp\/v2\/users\/1816"}],"replies":[{"embeddable":true,"href":"https:\/\/linitiative.ca\/International\/wp-json\/wp\/v2\/comments?post=64117"}],"version-history":[{"count":0,"href":"https:\/\/linitiative.ca\/International\/wp-json\/wp\/v2\/posts\/64117\/revisions"}],"wp:attachment":[{"href":"https:\/\/linitiative.ca\/International\/wp-json\/wp\/v2\/media?parent=64117"}],"wp:term":[{"taxonomy":"category","embeddable":true,"href":"https:\/\/linitiative.ca\/International\/wp-json\/wp\/v2\/categories?post=64117"},{"taxonomy":"post_tag","embeddable":true,"href":"https:\/\/linitiative.ca\/International\/wp-json\/wp\/v2\/tags?post=64117"}],"curies":[{"name":"wp","href":"https:\/\/api.w.org\/{rel}","templated":true}]}}