{"id":64118,"date":"2019-10-10T18:35:03","date_gmt":"2019-10-10T22:35:03","guid":{"rendered":"https:\/\/linitiative.ca\/International\/developpement-local-christophe-joseph-marie-dabire-rencontre-les-amis-du-burkina\/"},"modified":"2019-10-10T18:35:03","modified_gmt":"2019-10-10T22:35:03","slug":"developpement-local-christophe-joseph-marie-dabire-rencontre-les-amis-du-burkina","status":"publish","type":"post","link":"https:\/\/linitiative.ca\/International\/developpement-local-christophe-joseph-marie-dabire-rencontre-les-amis-du-burkina\/","title":{"rendered":"D\u00e9veloppement local  : Christophe Joseph Marie Dabir\u00e9 rencontre les \u00abamis\u00bb du Burkina"},"content":{"rendered":"<div class=\"td-post-featured-image\" readability=\"35\"><a href=\"https:\/\/i0.wp.com\/www.sidwaya.info\/wp-content\/uploads\/2019\/10\/vert.gif?fit=700%2C438&#038;ssl=1\" data-caption=\"Le chef du gouvernement, Christophe Joseph Marie Dabir\u00e9, a traduit sa reconnaissance aux partenaires rest\u00e9s fid\u00e8les au Burkina Faso.\"><img loading=\"lazy\" decoding=\"async\" width=\"696\" height=\"435\" class=\"entry-thumb td-modal-image\" src=\"https:\/\/i0.wp.com\/www.sidwaya.info\/wp-content\/uploads\/2019\/10\/vert.gif?resize=696%2C435&#038;ssl=1\" alt=\"\" title=\"vert\"\/><\/a>Le chef du gouvernement, Christophe Joseph Marie Dabir\u00e9, a traduit sa reconnaissance aux partenaires rest\u00e9s fid\u00e8les au Burkina Faso.<\/div>\n<p><strong>Le Premier ministre, Christophe Joseph Marie Dabir\u00e9, a \u00e9chang\u00e9, le samedi 5 octobre 2019, dans l\u2019apr\u00e8s-midi, \u00e0 Bruxelles, avec les repr\u00e9sentants d\u2019ONG, d\u2019associations et des villes jumel\u00e9es de la Belgique, du Grand-Duch\u00e9 de Luxembourg et des Pays-Bas.<\/strong><\/p>\n<p>Ils interviennent dans le social au Burkina. La sant\u00e9, l\u2019\u00e9ducation, la formation, l\u2019eau, l\u2019assainissement, l\u2019entrepreneuriat, l\u2019autonomisation de la femme, soutien aux personnes vivant avec un handicap\u2026sont leurs domaines de pr\u00e9dilection. Eux, ce sont les ONG, associations, villes jumel\u00e9es et autres partenaires au d\u00e9veloppement.<\/p>\n<p>En s\u00e9jour \u00e0 Bruxelles, le chef du gouvernement a rencontr\u00e9, le samedi 5 octobre 2019, les \u00abamis\u00bb du Burkina. A l\u2019occasion, ils ont exprim\u00e9 \u00e0 Christophe Joseph Marie Dabir\u00e9 leurs pr\u00e9occupations li\u00e9es notamment \u00e0 l\u2019ins\u00e9curit\u00e9, aux difficult\u00e9s d\u2019acc\u00e8s \u00e0 leurs zones d\u2019intervention (dans le Sahel et le Nord du pays) et aux lourdeurs de l\u2019administration burkinab\u00e8. Le Premier ministre leur a traduit sa reconnaissance et celle du peuple burkinab\u00e8 pour leur contribution au d\u00e9veloppement local.<\/p>\n<p>Il a inform\u00e9 les partenaires des dispositions prises pour lutter contre le terrorisme. Il s\u2019agit, au niveau national, du d\u00e9ploiement massif des forces de d\u00e9fense et de s\u00e9curit\u00e9 et du renforcement de l\u2019\u00e9quipement. Sur le plan r\u00e9gional, il a \u00e9voqu\u00e9 les efforts de la force conjointe du G5 Sahel et de Barkane pour venir \u00e0 bout de la n\u00e9buleuse terroriste.<\/p>\n<p>\u00abMon gouvernement ne prend jamais une d\u00e9cision mettant en cause leur int\u00e9grit\u00e9 physique. Nous ne mettrons jamais la vie de nos amis en danger. Nous prendrons les dispositions pour que vous puissiez faire votre travail dans la s\u00e9r\u00e9nit\u00e9. Le terrorisme ne nous arr\u00eatera pas\u00bb, a rassur\u00e9 le Premier ministre. Malgr\u00e9 le contexte s\u00e9curitaire fragile, les repr\u00e9sentants d\u2019ONG et d\u2019associations ont exprim\u00e9 leur souhait de continuer \u00e0 appuyer le Burkina pour son d\u00e9veloppement.<\/p>\n<p>Pour Christophe Joseph Marie Dabir\u00e9, c\u2019est la manifestation de la solidarit\u00e9 la plus importante qu\u2019on puisse rencontrer, au moment o\u00f9 le pays fait face au terrorisme. \u00abC\u2019est extraordinaire dans cette p\u00e9riode o\u00f9 l\u2019on peint tout en noir au Burkina\u00bb, a-t-il d\u00e9clar\u00e9. Thierry Leconte intervient au Burkina depuis 1994, pour la promotion des personnes vivant avec un handicap et les enfants de la rue. \u00abJ\u2019esp\u00e8re que les choses vont changer rapidement. Nous avons h\u00e2te de revenir au Burkina\u00bb, a-t-il dit.<\/p>\n<p>Le Premier ministre s\u2019est dit agr\u00e9ablement surpris de voir que l\u2019engagement des partenaires \u00e0 soutenir les populations, malgr\u00e9 l\u2019adversit\u00e9. Il les a exhort\u00e9s \u00e0 \u00eatre toujours aux c\u00f4t\u00e9s du peuple burkinab\u00e8. Christophe Joseph Marie Dabir\u00e9 a soulign\u00e9 le \u00abgrand impact positif des petites actions des amis\u00bb du Burkina.<\/p>\n<p>\u00abVos domaines d\u2019intervention sont essentiels pour nos populations, cet apport doit se poursuivre\u00bb, a-t-il affirm\u00e9. Par ailleurs, il les a rassur\u00e9s de l\u2019utilisation positive des moyens mis \u00e0 la disposition des populations dans une gouvernance transparente.<\/p>\n<p class=\"c1\"><strong>Djakaridia SIRIBIE<\/strong><\/p>\n<p class=\"c1\">De retour de Bruxelles (Belgique)<\/p>\n<div class=\"td-a-rec td-a-rec-id-content_bottom td_uid_30_5da0f7d869683_rand td_block_template_1\"><img loading=\"lazy\" decoding=\"async\" class=\"aligncenter size-full wp-image-9623\" src=\"https:\/\/www.sidwaya.info\/wp-content\/uploads\/2019\/06\/Projet-bannie%CC%80re-Orange-mobile.jpg\" alt=\"\" width=\"728\" height=\"81\"\/><\/div>\n<p>Auteur: JK. Sidwaya<br \/>\n<a href=\"https:\/\/www.sidwaya.info\/blog\/2019\/10\/10\/developpement-local-christophe-joseph-marie-dabire-rencontre-les-amis-du-burkina\/\">Cliquez ici pour lire l&rsquo;article depuis sa source.<\/a><\/p>\n","protected":false},"excerpt":{"rendered":"<p>Le chef du gouvernement, Christophe Joseph Marie Dabir\u00e9, a traduit sa reconnaissance aux partenaires rest\u00e9s fid\u00e8les au Burkina Faso. Le Premier ministre, Christophe Joseph Marie Dabir\u00e9, a \u00e9chang\u00e9, le samedi 5 octobre 2019, dans l\u2019apr\u00e8s-midi, \u00e0 Bruxelles, avec les repr\u00e9sentants d\u2019ONG, d\u2019associations et des villes jumel\u00e9es de la Belgique, du Grand-Duch\u00e9 de Luxembourg et des [&hellip;]<\/p>\n","protected":false},"author":1816,"featured_media":0,"comment_status":"closed","ping_status":"closed","sticky":false,"template":"","format":"standard","meta":{"fifu_image_url":"","fifu_image_alt":"","footnotes":""},"categories":[73,81],"tags":[],"class_list":["post-64118","post","type-post","status-publish","format-standard","hentry","category-actualite","category-burkina-faso"],"_links":{"self":[{"href":"https:\/\/linitiative.ca\/International\/wp-json\/wp\/v2\/posts\/64118","targetHints":{"allow":["GET"]}}],"collection":[{"href":"https:\/\/linitiative.ca\/International\/wp-json\/wp\/v2\/posts"}],"about":[{"href":"https:\/\/linitiative.ca\/International\/wp-json\/wp\/v2\/types\/post"}],"author":[{"embeddable":true,"href":"https:\/\/linitiative.ca\/International\/wp-json\/wp\/v2\/users\/1816"}],"replies":[{"embeddable":true,"href":"https:\/\/linitiative.ca\/International\/wp-json\/wp\/v2\/comments?post=64118"}],"version-history":[{"count":0,"href":"https:\/\/linitiative.ca\/International\/wp-json\/wp\/v2\/posts\/64118\/revisions"}],"wp:attachment":[{"href":"https:\/\/linitiative.ca\/International\/wp-json\/wp\/v2\/media?parent=64118"}],"wp:term":[{"taxonomy":"category","embeddable":true,"href":"https:\/\/linitiative.ca\/International\/wp-json\/wp\/v2\/categories?post=64118"},{"taxonomy":"post_tag","embeddable":true,"href":"https:\/\/linitiative.ca\/International\/wp-json\/wp\/v2\/tags?post=64118"}],"curies":[{"name":"wp","href":"https:\/\/api.w.org\/{rel}","templated":true}]}}