{"id":64124,"date":"2019-10-11T17:50:02","date_gmt":"2019-10-11T21:50:02","guid":{"rendered":"https:\/\/linitiative.ca\/International\/offensive-en-syrie-washington-hausse-le-ton-contre-la-turquie\/"},"modified":"2019-10-11T17:50:02","modified_gmt":"2019-10-11T21:50:02","slug":"offensive-en-syrie-washington-hausse-le-ton-contre-la-turquie","status":"publish","type":"post","link":"https:\/\/linitiative.ca\/International\/offensive-en-syrie-washington-hausse-le-ton-contre-la-turquie\/","title":{"rendered":"Offensive en Syrie: Washington hausse le ton contre la Turquie"},"content":{"rendered":"<div readability=\"32\">\n<p>Publi\u00e9 le 11.10.2019 \u00e0 22h50 par AFP<\/p>\n<\/div>\n<div readability=\"131\">\n<p>Apr\u00e8s avoir sembl\u00e9 laisser les coud\u00e9es franches \u00e0 la Turquie en Syrie, les Etats-Unis ont hauss\u00e9 le ton vendredi en se disant vendredi pr\u00eats \u00e0 activer des sanctions contre Ankara, qui poursuit son offensive contre les Kurdes.<\/p>\n<p>Les sanctions \u00e9conomiques \u00e9voqu\u00e9es par le secr\u00e9taire au Tr\u00e9sor am\u00e9ricain Steven Mnuchin, lors d\u2019une conf\u00e9rence de presse \u00e0 la Maison Blanche, ont \u00e9t\u00e9 autoris\u00e9es par Donald Trump. Il suffira d\u2019une d\u00e9cision du pr\u00e9sident am\u00e9ricain pour les activer.<\/p>\n<p>La ligne rouge que la Turquie ne doit pas franchir n\u2019a cependant pas \u00e9t\u00e9 clairement \u00e9tablie par Washington. Mais le ministre am\u00e9ricain de la D\u00e9fense Mark Esper a fait savoir qu\u2019il avait \u00ab\u00a0fortement encourag\u00e9\u00a0\u00bb son homologue turque \u00e0 interrompre l\u2019op\u00e9ration militaire dans le Nord de la Syrie.<\/p>\n<p>Le ton tranche avec le d\u00e9but de la semaine. Dimanche soir, Donald Trump avait cr\u00e9\u00e9 la stup\u00e9faction et suscit\u00e9 un toll\u00e9 lorsque la Maison Blanche avait annonc\u00e9, \u00e0 la surprise g\u00e9n\u00e9rale, le retrait de troupes am\u00e9ricaines des abords de la fronti\u00e8re turco-syrienne. Une d\u00e9cision largement per\u00e7ue comme un feu vert de facto \u00e0 la Turquie pour attaquer les Kurdes dans cette zone.<\/p>\n<p>Parmi les alli\u00e9s des Etats-Unis, comme au sein m\u00eame de son propre parti, Donald Trump a \u00e9t\u00e9 accus\u00e9 d&rsquo;\u00a0\u00bbabandonner\u00a0\u00bb les Kurdes, pourtant indispensables dans la lutte contre l\u2019organisation Etat islamique (EI).<\/p>\n<p>La milice des Unit\u00e9s de protection du peuple (YPG), vis\u00e9e par Ankara, a \u00e9t\u00e9 le fer de lance des combats men\u00e9s avec le soutien d\u2019une coalition internationale et qui ont permis un affaiblissement du groupe jihadiste et un d\u00e9mant\u00e8lement de son \u00ab\u00a0califat\u00a0\u00bb territorial.<\/p>\n<p>\u2013 \u00ab\u00a0Sanctions tr\u00e8s fortes\u00a0\u00bb \u2013<\/p>\n<p>Les parlementaires r\u00e9publicains ont d\u00e9nonc\u00e9 en des termes virulents la position de Donald Trump. Le s\u00e9nateur Lindsey Graham, proche du pr\u00e9sident am\u00e9ricain, a point\u00e9 du doigt une d\u00e9cision am\u00e9ricaine \u00ab\u00a0porteuse de d\u00e9sastre\u00a0\u00bb et a pr\u00e9venu la Turquie qu\u2019elle paierait \u00ab\u00a0tr\u00e8s cher\u00a0\u00bb son offensive et promis des sanctions du Congr\u00e8s.<\/p>\n<p>Depuis, l\u2019ex\u00e9cutif am\u00e9ricain souffle le chaud et le froid. Le milliardaire r\u00e9publicain r\u00e9p\u00e8te \u00e0 l\u2019envi que les Am\u00e9ricains doivent se d\u00e9sengager des guerres au Moyen-Orient, tout en mena\u00e7ant aussi la Turquie d\u2019un \u00ab\u00a0an\u00e9antissement \u00e9conomique\u00a0\u00bb.<\/p>\n<p>C\u2019est dans ce registre que l\u2019administration Trump s\u2019est exprim\u00e9e vendredi. Donald Trump va signer un d\u00e9cret permettant le d\u00e9clenchement \u00e0 tout moment de sanctions, ce qui vise \u00e0 \u00ab\u00a0dissuader la Turquie de toute extension de son offensive militaire dans le nord-est de la Syrie\u00a0\u00bb, a indiqu\u00e9 le minist\u00e8re am\u00e9ricain des Finances dans un communiqu\u00e9, sans pr\u00e9ciser si cette extension devait \u00eatre comprise en termes g\u00e9ographiques ou temporels.<\/p>\n<p>\u00ab\u00a0Ce sont de tr\u00e8s fortes sanctions. Nous esp\u00e9rons que nous n\u2019aurons pas \u00e0 les utiliser mais nous pouvons neutraliser l\u2019\u00e9conomie turque si n\u00e9cessaire\u00a0\u00bb, a pr\u00e9venu le secr\u00e9taire au Tr\u00e9sor Steven Mnuchin devant la presse.<\/p>\n<p>\u2013 Jihadistes \u00e9trangers \u2013<\/p>\n<p>Les Am\u00e9ricains insistent aussi sur la situation des jihadistes de l\u2019EI d\u00e9tenus par les miliciens kurdes en Syrie. Pour Donald Trump, il est \u00ab\u00a0imp\u00e9ratif\u00a0\u00bb que la Turquie ne permette \u00e0 \u00ab\u00a0pas un seul des combattants du groupe Etat islamique de s\u2019\u00e9chapper\u00a0\u00bb, a rappel\u00e9 le Tr\u00e9sor vendredi.<\/p>\n<p>Les forces kurdes ont affirm\u00e9 que cinq jihadistes de l\u2019EI s\u2019\u00e9taient \u00e9chapp\u00e9s vendredi d\u2019une prison pr\u00e8s de la ville de Qamichli, dans le nord-est de la Syrie, apr\u00e8s des raids a\u00e9riens turcs ayant vis\u00e9 ses environs.<\/p>\n<p>La question des jihadistes \u00e9trangers d\u00e9tenus en Syrie est particuli\u00e8rement sensible pour les pays europ\u00e9ens mais aussi pour les Etats-Unis qui craignent une grande \u00e9vasion \u00e0 la faveur de l\u2019intervention turque. Les Am\u00e9ricains ont annonc\u00e9 mercredi qu\u2019ils avaient pris en charge deux jihadistes britanniques particuli\u00e8rement dangereux. Mais selon les m\u00e9dias am\u00e9ricains, plusieurs dizaines de combattants de l\u2019EI d\u00e9tenus seraient d\u00e9sormais pass\u00e9s sous contr\u00f4le am\u00e9ricain.<\/p>\n<p>Les Am\u00e9ricains resserrent la pression sur la Turquie car leurs contacts avec cet alli\u00e9 de l\u2019Otan montrent une d\u00e9termination intacte d\u2019Ankara \u00e0 conduire cette op\u00e9ration militaire.<\/p>\n<p>\u00ab\u00a0Je n\u2019ai aucune indication qu\u2019ils veuillent arr\u00eater\u00a0\u00bb leur op\u00e9ration, a d\u00e9clar\u00e9 vendredi \u00e0 la presse Mark Esper. Nous ne voyons aucun \u00ab\u00a0signe pr\u00e9curseur d\u2019un quelconque arr\u00eat de leur intervention militaire\u00a0\u00bb, a abond\u00e9 le chef d\u2019\u00e9tat-major de l\u2019arm\u00e9e am\u00e9ricaine Mark Milley.<\/p>\n<p>Le pr\u00e9sident turc Recep Tayyip Erdogan a lui-m\u00eame dit vendredi qu\u2019il n\u2019arr\u00eaterait pas son offensive contre les forces kurdes, malgr\u00e9 les \u00ab\u00a0menaces\u00a0\u00bb.<\/p>\n<\/div>\n<p>Auteur: AFP<br \/>\n<a href=\"https:\/\/www.journalducameroun.com\/offensive-en-syrie-washington-hausse-le-ton-contre-la-turquie\/\">Cliquez ici pour lire l&rsquo;article depuis sa source.<\/a><\/p>\n","protected":false},"excerpt":{"rendered":"<p>Publi\u00e9 le 11.10.2019 \u00e0 22h50 par AFP Apr\u00e8s avoir sembl\u00e9 laisser les coud\u00e9es franches \u00e0 la Turquie en Syrie, les Etats-Unis ont hauss\u00e9 le ton vendredi en se disant vendredi pr\u00eats \u00e0 activer des sanctions contre Ankara, qui poursuit son offensive contre les Kurdes. Les sanctions \u00e9conomiques \u00e9voqu\u00e9es par le secr\u00e9taire au Tr\u00e9sor am\u00e9ricain Steven [&hellip;]<\/p>\n","protected":false},"author":1965,"featured_media":0,"comment_status":"closed","ping_status":"closed","sticky":false,"template":"","format":"standard","meta":{"fifu_image_url":"","fifu_image_alt":"","footnotes":""},"categories":[73,82],"tags":[],"class_list":["post-64124","post","type-post","status-publish","format-standard","hentry","category-actualite","category-cameroun"],"_links":{"self":[{"href":"https:\/\/linitiative.ca\/International\/wp-json\/wp\/v2\/posts\/64124","targetHints":{"allow":["GET"]}}],"collection":[{"href":"https:\/\/linitiative.ca\/International\/wp-json\/wp\/v2\/posts"}],"about":[{"href":"https:\/\/linitiative.ca\/International\/wp-json\/wp\/v2\/types\/post"}],"author":[{"embeddable":true,"href":"https:\/\/linitiative.ca\/International\/wp-json\/wp\/v2\/users\/1965"}],"replies":[{"embeddable":true,"href":"https:\/\/linitiative.ca\/International\/wp-json\/wp\/v2\/comments?post=64124"}],"version-history":[{"count":0,"href":"https:\/\/linitiative.ca\/International\/wp-json\/wp\/v2\/posts\/64124\/revisions"}],"wp:attachment":[{"href":"https:\/\/linitiative.ca\/International\/wp-json\/wp\/v2\/media?parent=64124"}],"wp:term":[{"taxonomy":"category","embeddable":true,"href":"https:\/\/linitiative.ca\/International\/wp-json\/wp\/v2\/categories?post=64124"},{"taxonomy":"post_tag","embeddable":true,"href":"https:\/\/linitiative.ca\/International\/wp-json\/wp\/v2\/tags?post=64124"}],"curies":[{"name":"wp","href":"https:\/\/api.w.org\/{rel}","templated":true}]}}